{"id":5369,"date":"2025-12-05T15:58:45","date_gmt":"2025-12-05T20:58:45","guid":{"rendered":"https:\/\/cgp.org.pe\/web\/?p=5369"},"modified":"2025-12-05T15:58:45","modified_gmt":"2025-12-05T20:58:45","slug":"cgp-y-ign-suscriben-convenio-interinstitucional-para-fortalecer-la-informacion-geoespacial-en-el-peru","status":"publish","type":"post","link":"https:\/\/cgp.org.pe\/web\/cgp-y-ign-suscriben-convenio-interinstitucional-para-fortalecer-la-informacion-geoespacial-en-el-peru\/","title":{"rendered":"CGP y IGN suscriben Convenio Interinstitucional para fortalecer la informaci\u00f3n geoespacial en el Per\u00fa"},"content":{"rendered":"<p data-start=\"251\" data-end=\"616\">El <strong data-start=\"290\" data-end=\"329\">Colegio de Ge\u00f3grafos del Per\u00fa (CGP)<\/strong> y el <strong data-start=\"335\" data-end=\"374\">Instituto Geogr\u00e1fico Nacional (IGN)<\/strong> firmaron un <strong data-start=\"387\" data-end=\"440\">Convenio Marco de Colaboraci\u00f3n Interinstitucional<\/strong> que permitir\u00e1 unir esfuerzos para fortalecer la investigaci\u00f3n, la formaci\u00f3n t\u00e9cnica y el desarrollo de proyectos vinculados a la informaci\u00f3n geoespacial en beneficio del pa\u00eds.<\/p>\n<p data-start=\"618\" data-end=\"1031\">Este acuerdo impulsar\u00e1 acciones conjuntas orientadas a la <strong data-start=\"676\" data-end=\"706\">actualizaci\u00f3n cartogr\u00e1fica<\/strong>, la <strong data-start=\"711\" data-end=\"741\">capacitaci\u00f3n especializada<\/strong>, el intercambio t\u00e9cnico-cient\u00edfico y la <strong data-start=\"782\" data-end=\"823\">promoci\u00f3n del conocimiento geogr\u00e1fico<\/strong> en todos los niveles. Su finalidad es contribuir al fortalecimiento de la gesti\u00f3n territorial, la toma de decisiones estrat\u00e9gicas y la producci\u00f3n de informaci\u00f3n oficial confiable para el desarrollo nacional.<\/p>\n<p data-start=\"1033\" data-end=\"1414\">La suscripci\u00f3n del convenio tambi\u00e9n reconoce y pone en valor la destacada labor del personal civil y militar del IGN, profesionales ge\u00f3grafos cuyo compromiso y experiencia garantizan la producci\u00f3n de la <strong data-start=\"1236\" data-end=\"1268\">Cartograf\u00eda Oficial del Per\u00fa<\/strong> y una gesti\u00f3n responsable del territorio. Su aporte t\u00e9cnico resulta fundamental para la defensa, la planificaci\u00f3n y el bienestar de la poblaci\u00f3n.<\/p>\n<p data-start=\"1416\" data-end=\"1481\">En representaci\u00f3n del Colegio de Ge\u00f3grafos del Per\u00fa participaron:<\/p>\n<ul data-start=\"1483\" data-end=\"1730\">\n<li data-start=\"1483\" data-end=\"1555\">\n<p data-start=\"1485\" data-end=\"1555\"><strong data-start=\"1485\" data-end=\"1516\">Ge\u00f3g. Sandra Aliaga Rabanal<\/strong> \u2013 Consejo Consultivo del CGP \/ UNMSM<\/p>\n<\/li>\n<li data-start=\"1634\" data-end=\"1672\">\n<p data-start=\"1636\" data-end=\"1672\"><strong data-start=\"1636\" data-end=\"1670\">Ge\u00f3g. Luis Eduardo Ferrer Cruz<\/strong><\/p>\n<\/li>\n<li><strong data-start=\"1558\" data-end=\"1583\">Ge\u00f3g. Oscar Guzm\u00e1n Charcape<\/strong> \u2013 Fiscal del Consejo Directivo Nacional del CGP<\/li>\n<li data-start=\"1673\" data-end=\"1730\">\n<p data-start=\"1675\" data-end=\"1730\"><strong data-start=\"1675\" data-end=\"1702\">Ge\u00f3g. Edwin Lozada Valdez<\/strong> \u2013 Decano Nacional del CGP<\/p>\n<\/li>\n<\/ul>\n<p data-start=\"1732\" data-end=\"1980\">El CGP resalta la importancia de este convenio como un paso estrat\u00e9gico para fortalecer la colaboraci\u00f3n institucional y consolidar el papel de la geograf\u00eda como disciplina clave para el desarrollo sostenible y la planificaci\u00f3n territorial del pa\u00eds.<\/p>\n","protected":false},"excerpt":{"rendered":"<p>El Colegio de Ge\u00f3grafos del Per\u00fa (CGP) y el Instituto Geogr\u00e1fico Nacional (IGN) firmaron un Convenio Marco de Colaboraci\u00f3n Interinstitucional que permitir\u00e1 unir esfuerzos para fortalecer la investigaci\u00f3n, la formaci\u00f3n t\u00e9cnica y el desarrollo de proyectos vinculados a la informaci\u00f3n geoespacial en beneficio del pa\u00eds. Este acuerdo impulsar\u00e1 acciones conjuntas orientadas a la actualizaci\u00f3n cartogr\u00e1fica, [&hellip;]<\/p>\n","protected":false},"author":2,"featured_media":5371,"comment_status":"open","ping_status":"open","sticky":false,"template":"","format":"standard","meta":{"_et_pb_use_builder":"","_et_pb_old_content":"","_et_gb_content_width":"","footnotes":""},"categories":[283,47],"tags":[],"class_list":["post-5369","post","type-post","status-publish","format-standard","has-post-thumbnail","hentry","category-notas-de-prensa","category-noticias"],"_links":{"self":[{"href":"https:\/\/cgp.org.pe\/web\/wp-json\/wp\/v2\/posts\/5369","targetHints":{"allow":["GET"]}}],"collection":[{"href":"https:\/\/cgp.org.pe\/web\/wp-json\/wp\/v2\/posts"}],"about":[{"href":"https:\/\/cgp.org.pe\/web\/wp-json\/wp\/v2\/types\/post"}],"author":[{"embeddable":true,"href":"https:\/\/cgp.org.pe\/web\/wp-json\/wp\/v2\/users\/2"}],"replies":[{"embeddable":true,"href":"https:\/\/cgp.org.pe\/web\/wp-json\/wp\/v2\/comments?post=5369"}],"version-history":[{"count":1,"href":"https:\/\/cgp.org.pe\/web\/wp-json\/wp\/v2\/posts\/5369\/revisions"}],"predecessor-version":[{"id":5372,"href":"https:\/\/cgp.org.pe\/web\/wp-json\/wp\/v2\/posts\/5369\/revisions\/5372"}],"wp:featuredmedia":[{"embeddable":true,"href":"https:\/\/cgp.org.pe\/web\/wp-json\/wp\/v2\/media\/5371"}],"wp:attachment":[{"href":"https:\/\/cgp.org.pe\/web\/wp-json\/wp\/v2\/media?parent=5369"}],"wp:term":[{"taxonomy":"category","embeddable":true,"href":"https:\/\/cgp.org.pe\/web\/wp-json\/wp\/v2\/categories?post=5369"},{"taxonomy":"post_tag","embeddable":true,"href":"https:\/\/cgp.org.pe\/web\/wp-json\/wp\/v2\/tags?post=5369"}],"curies":[{"name":"wp","href":"https:\/\/api.w.org\/{rel}","templated":true}]}}