{"id":5232,"date":"2025-08-07T18:03:28","date_gmt":"2025-08-07T23:03:28","guid":{"rendered":"https:\/\/cgp.org.pe\/web\/?p=5232"},"modified":"2025-08-07T18:03:28","modified_gmt":"2025-08-07T23:03:28","slug":"colegio-de-geografos-del-peru-participa-en-el-xvi-congreso-nacional-e-internacional-de-geografia-en-iquitos","status":"publish","type":"post","link":"https:\/\/cgp.org.pe\/web\/colegio-de-geografos-del-peru-participa-en-el-xvi-congreso-nacional-e-internacional-de-geografia-en-iquitos\/","title":{"rendered":"COLEGIO DE GE\u00d3GRAFOS DEL PER\u00da PARTICIPA EN EL XVI CONGRESO NACIONAL E INTERNACIONAL DE GEOGRAF\u00cdA EN IQUITOS"},"content":{"rendered":"<p data-start=\"221\" data-end=\"501\">En el marco del <strong data-start=\"237\" data-end=\"325\">XVI Congreso Nacional de Geograf\u00eda y VIII Internacional de Geograf\u00eda de las Am\u00e9ricas<\/strong>, realizado en la ciudad de <strong data-start=\"353\" data-end=\"364\">Iquitos<\/strong>, el <strong data-start=\"369\" data-end=\"408\">Colegio de Ge\u00f3grafos del Per\u00fa (CGP)<\/strong> tuvo una destacada participaci\u00f3n durante la jornada inaugural del <strong data-start=\"475\" data-end=\"500\">mi\u00e9rcoles 7 de agosto<\/strong>.<\/p>\n<p data-start=\"503\" data-end=\"978\">La representaci\u00f3n institucional estuvo encabezada por el <strong data-start=\"560\" data-end=\"606\">Decano Nacional, Ge\u00f3g. Edwin Lozada Valdez<\/strong>, junto al encargado de Asuntos Sociales del CGP, <strong data-start=\"656\" data-end=\"686\">Ge\u00f3g. Edwin Gabriel Campos<\/strong>. Asimismo, se cont\u00f3 con la valiosa presencia de los colegiados <strong data-start=\"750\" data-end=\"776\">auspiciados por el CGP<\/strong>, quienes desarrollaron ponencias acad\u00e9micas en las distintas \u00e1reas tem\u00e1ticas del evento: el <strong data-start=\"869\" data-end=\"897\">Dr. Denis Cruces Aguirre<\/strong>, el <strong data-start=\"902\" data-end=\"921\">Ge\u00f3g. Paolo Roggero<\/strong>, el <strong data-start=\"926\" data-end=\"948\">Dr. Alberto Garc\u00eda<\/strong> y la <strong data-start=\"954\" data-end=\"977\">Ge\u00f3g. Belinda Tello<\/strong>.<\/p>\n<p data-start=\"980\" data-end=\"1377\">El Congreso \u2014que lleva por t\u00edtulo <em data-start=\"1014\" data-end=\"1140\">\u00abLa Amazon\u00eda andina: megapresiones, hiperimpactos, multicambios y caminos de sostenibilidad vital para el presente y futuro\u00bb<\/em>\u2014 es organizado por la <strong data-start=\"1163\" data-end=\"1194\">Sociedad Geogr\u00e1fica de Lima<\/strong>, la <strong data-start=\"1199\" data-end=\"1253\">Universidad Nacional de la Amazon\u00eda Peruana (UNAP)<\/strong>, la <strong data-start=\"1258\" data-end=\"1306\">Escuela Profesional de Geograf\u00eda de la UNMSM<\/strong>, y el <strong data-start=\"1313\" data-end=\"1376\">Centro de Investigaci\u00f3n en Geograf\u00eda Aplicada (CIGA &#8211; PUCP)<\/strong>.<\/p>\n<p data-start=\"1379\" data-end=\"1672\">Durante el 7 de agosto se realizaron <strong data-start=\"1416\" data-end=\"1444\">presentaciones tem\u00e1ticas<\/strong>, <strong data-start=\"1446\" data-end=\"1464\">mesas redondas<\/strong>, <strong data-start=\"1466\" data-end=\"1479\">simposios<\/strong> y <strong data-start=\"1482\" data-end=\"1510\">conferencias magistrales<\/strong>, en las cuales los ge\u00f3grafos participantes aportaron al debate sobre los retos de la Amazon\u00eda andina y el papel de la geograf\u00eda en la sostenibilidad territorial.<\/p>\n<p data-start=\"1674\" data-end=\"1878\">La participaci\u00f3n del CGP evidencia su firme compromiso con el desarrollo acad\u00e9mico y cient\u00edfico de la geograf\u00eda en el Per\u00fa y Am\u00e9rica Latina.<br data-start=\"1814\" data-end=\"1817\" \/><strong data-start=\"1817\" data-end=\"1878\">El congreso se desarrollar\u00e1 hasta el viernes 9 de agosto.<\/strong><\/p>\n","protected":false},"excerpt":{"rendered":"<p>En el marco del XVI Congreso Nacional de Geograf\u00eda y VIII Internacional de Geograf\u00eda de las Am\u00e9ricas, realizado en la ciudad de Iquitos, el Colegio de Ge\u00f3grafos del Per\u00fa (CGP) tuvo una destacada participaci\u00f3n durante la jornada inaugural del mi\u00e9rcoles 7 de agosto. La representaci\u00f3n institucional estuvo encabezada por el Decano Nacional, Ge\u00f3g. Edwin Lozada [&hellip;]<\/p>\n","protected":false},"author":2,"featured_media":5233,"comment_status":"open","ping_status":"open","sticky":false,"template":"","format":"standard","meta":{"_et_pb_use_builder":"","_et_pb_old_content":"","_et_gb_content_width":"","footnotes":""},"categories":[283,47],"tags":[],"class_list":["post-5232","post","type-post","status-publish","format-standard","has-post-thumbnail","hentry","category-notas-de-prensa","category-noticias"],"_links":{"self":[{"href":"https:\/\/cgp.org.pe\/web\/wp-json\/wp\/v2\/posts\/5232","targetHints":{"allow":["GET"]}}],"collection":[{"href":"https:\/\/cgp.org.pe\/web\/wp-json\/wp\/v2\/posts"}],"about":[{"href":"https:\/\/cgp.org.pe\/web\/wp-json\/wp\/v2\/types\/post"}],"author":[{"embeddable":true,"href":"https:\/\/cgp.org.pe\/web\/wp-json\/wp\/v2\/users\/2"}],"replies":[{"embeddable":true,"href":"https:\/\/cgp.org.pe\/web\/wp-json\/wp\/v2\/comments?post=5232"}],"version-history":[{"count":1,"href":"https:\/\/cgp.org.pe\/web\/wp-json\/wp\/v2\/posts\/5232\/revisions"}],"predecessor-version":[{"id":5234,"href":"https:\/\/cgp.org.pe\/web\/wp-json\/wp\/v2\/posts\/5232\/revisions\/5234"}],"wp:featuredmedia":[{"embeddable":true,"href":"https:\/\/cgp.org.pe\/web\/wp-json\/wp\/v2\/media\/5233"}],"wp:attachment":[{"href":"https:\/\/cgp.org.pe\/web\/wp-json\/wp\/v2\/media?parent=5232"}],"wp:term":[{"taxonomy":"category","embeddable":true,"href":"https:\/\/cgp.org.pe\/web\/wp-json\/wp\/v2\/categories?post=5232"},{"taxonomy":"post_tag","embeddable":true,"href":"https:\/\/cgp.org.pe\/web\/wp-json\/wp\/v2\/tags?post=5232"}],"curies":[{"name":"wp","href":"https:\/\/api.w.org\/{rel}","templated":true}]}}