{"id":5228,"date":"2025-07-28T09:14:21","date_gmt":"2025-07-28T14:14:21","guid":{"rendered":"https:\/\/cgp.org.pe\/web\/?p=5228"},"modified":"2025-07-28T09:14:21","modified_gmt":"2025-07-28T14:14:21","slug":"el-colegio-de-geografos-del-peru-saluda-al-pais-en-el-204-o-aniversario-de-su-independencia","status":"publish","type":"post","link":"https:\/\/cgp.org.pe\/web\/el-colegio-de-geografos-del-peru-saluda-al-pais-en-el-204-o-aniversario-de-su-independencia\/","title":{"rendered":"El Colegio de Ge\u00f3grafos del Per\u00fa saluda al pa\u00eds en el 204.\u00ba aniversario de su independencia"},"content":{"rendered":"<p data-start=\"242\" data-end=\"634\"><strong data-start=\"242\" data-end=\"265\">Lima, julio de 2025<\/strong> \u2013 Con motivo de la conmemoraci\u00f3n del 28 de julio, el <strong data-start=\"319\" data-end=\"358\">Colegio de Ge\u00f3grafos del Per\u00fa (CGP)<\/strong> expresa su m\u00e1s sincero saludo al pueblo peruano por el 203.\u00ba aniversario de la independencia nacional. Esta fecha emblem\u00e1tica nos invita a reflexionar sobre el presente del pa\u00eds y los retos que enfrentamos hacia un futuro m\u00e1s justo, resiliente y territorialmente equilibrado.<\/p>\n<p data-start=\"636\" data-end=\"1012\">En nombre del <strong data-start=\"650\" data-end=\"694\">Decano Nacional, Mg. Edwin Lozada Valdez<\/strong>, el CGP reafirma su compromiso con el desarrollo sostenible del Per\u00fa, impulsando desde la geograf\u00eda una gesti\u00f3n responsable del territorio, el ordenamiento adecuado de nuestros espacios urbanos y rurales, y el fortalecimiento de las capacidades t\u00e9cnicas para enfrentar los desaf\u00edos ambientales, sociales y econ\u00f3micos.<\/p>\n<p data-start=\"1014\" data-end=\"1408\">El Colegio destaca la importancia de integrar una visi\u00f3n territorial en la planificaci\u00f3n nacional, considerando la diversidad geogr\u00e1fica, cultural y ecol\u00f3gica del pa\u00eds como una de nuestras mayores fortalezas. Desde esta perspectiva, los ge\u00f3grafos del Per\u00fa contin\u00faan trabajando con vocaci\u00f3n y rigor cient\u00edfico en todos los niveles del Estado, la academia, la empresa privada y la sociedad civil.<\/p>\n<p data-start=\"1410\" data-end=\"1636\">Este nuevo aniversario patrio nos convoca a renovar nuestra esperanza y compromiso con el Per\u00fa, promoviendo una ciudadan\u00eda activa, informada y comprometida con la construcci\u00f3n de un pa\u00eds m\u00e1s solidario, equitativo y sostenible.<\/p>\n<p data-start=\"1638\" data-end=\"1692\"><strong data-start=\"1638\" data-end=\"1667\">\u00a1Felices Fiestas Patrias!<\/strong><br data-start=\"1667\" data-end=\"1670\" \/><strong data-start=\"1670\" data-end=\"1692\">\u00a1Que viva el Per\u00fa!<\/strong><\/p>\n","protected":false},"excerpt":{"rendered":"<p>Lima, julio de 2025 \u2013 Con motivo de la conmemoraci\u00f3n del 28 de julio, el Colegio de Ge\u00f3grafos del Per\u00fa (CGP) expresa su m\u00e1s sincero saludo al pueblo peruano por el 203.\u00ba aniversario de la independencia nacional. Esta fecha emblem\u00e1tica nos invita a reflexionar sobre el presente del pa\u00eds y los retos que enfrentamos hacia [&hellip;]<\/p>\n","protected":false},"author":2,"featured_media":5229,"comment_status":"open","ping_status":"open","sticky":false,"template":"","format":"standard","meta":{"_et_pb_use_builder":"","_et_pb_old_content":"","_et_gb_content_width":"","footnotes":""},"categories":[283,47],"tags":[],"class_list":["post-5228","post","type-post","status-publish","format-standard","has-post-thumbnail","hentry","category-notas-de-prensa","category-noticias"],"_links":{"self":[{"href":"https:\/\/cgp.org.pe\/web\/wp-json\/wp\/v2\/posts\/5228","targetHints":{"allow":["GET"]}}],"collection":[{"href":"https:\/\/cgp.org.pe\/web\/wp-json\/wp\/v2\/posts"}],"about":[{"href":"https:\/\/cgp.org.pe\/web\/wp-json\/wp\/v2\/types\/post"}],"author":[{"embeddable":true,"href":"https:\/\/cgp.org.pe\/web\/wp-json\/wp\/v2\/users\/2"}],"replies":[{"embeddable":true,"href":"https:\/\/cgp.org.pe\/web\/wp-json\/wp\/v2\/comments?post=5228"}],"version-history":[{"count":1,"href":"https:\/\/cgp.org.pe\/web\/wp-json\/wp\/v2\/posts\/5228\/revisions"}],"predecessor-version":[{"id":5230,"href":"https:\/\/cgp.org.pe\/web\/wp-json\/wp\/v2\/posts\/5228\/revisions\/5230"}],"wp:featuredmedia":[{"embeddable":true,"href":"https:\/\/cgp.org.pe\/web\/wp-json\/wp\/v2\/media\/5229"}],"wp:attachment":[{"href":"https:\/\/cgp.org.pe\/web\/wp-json\/wp\/v2\/media?parent=5228"}],"wp:term":[{"taxonomy":"category","embeddable":true,"href":"https:\/\/cgp.org.pe\/web\/wp-json\/wp\/v2\/categories?post=5228"},{"taxonomy":"post_tag","embeddable":true,"href":"https:\/\/cgp.org.pe\/web\/wp-json\/wp\/v2\/tags?post=5228"}],"curies":[{"name":"wp","href":"https:\/\/api.w.org\/{rel}","templated":true}]}}