{"id":5215,"date":"2025-07-21T22:25:33","date_gmt":"2025-07-22T03:25:33","guid":{"rendered":"https:\/\/cgp.org.pe\/web\/?p=5215"},"modified":"2025-07-21T22:25:33","modified_gmt":"2025-07-22T03:25:33","slug":"el-colegio-de-geografos-del-peru-presente-en-el-lanzamiento-del-plan-peru-2050-del-cip","status":"publish","type":"post","link":"https:\/\/cgp.org.pe\/web\/el-colegio-de-geografos-del-peru-presente-en-el-lanzamiento-del-plan-peru-2050-del-cip\/","title":{"rendered":"El Colegio de Ge\u00f3grafos del Per\u00fa presente en el lanzamiento del Plan Per\u00fa 2050 del CIP"},"content":{"rendered":"<p data-start=\"332\" data-end=\"704\">El <strong data-start=\"355\" data-end=\"394\">Colegio de Ge\u00f3grafos del Per\u00fa (CGP)<\/strong> particip\u00f3 activamente en la presentaci\u00f3n del <strong data-start=\"440\" data-end=\"458\">Plan Per\u00fa 2050<\/strong>, una iniciativa liderada por el <strong data-start=\"491\" data-end=\"531\">Colegio de Ingenieros del Per\u00fa (CIP)<\/strong> que plantea una visi\u00f3n t\u00e9cnica, multisectorial y de largo plazo para el desarrollo del pa\u00eds, con \u00e9nfasis en la sostenibilidad, la innovaci\u00f3n y la planificaci\u00f3n territorial.<\/p>\n<p data-start=\"706\" data-end=\"1025\">El evento, realizado en Lima, congreg\u00f3 a autoridades, especialistas y representantes de distintos gremios profesionales. En representaci\u00f3n del CGP, destac\u00f3 la participaci\u00f3n del <strong data-start=\"883\" data-end=\"934\">Fiscal Nacional, Ge\u00f3grafo \u00d3scar Guzm\u00e1n Charcape<\/strong>, quien asisti\u00f3 junto a cuatro distinguidos miembros del <strong data-start=\"991\" data-end=\"1022\">Consejo Consultivo Nacional<\/strong>:<\/p>\n<ul data-start=\"1026\" data-end=\"1150\">\n<li data-start=\"1026\" data-end=\"1057\">\n<p data-start=\"1028\" data-end=\"1057\">Ge\u00f3grafo <strong data-start=\"1037\" data-end=\"1055\">Alberto Garc\u00eda<\/strong><\/p>\n<\/li>\n<li data-start=\"1058\" data-end=\"1087\">\n<p data-start=\"1060\" data-end=\"1087\">Ge\u00f3grafo <strong data-start=\"1069\" data-end=\"1085\">Eduardo Tena<\/strong><\/p>\n<\/li>\n<li data-start=\"1088\" data-end=\"1115\">\n<p data-start=\"1090\" data-end=\"1115\">Ge\u00f3grafo <strong data-start=\"1099\" data-end=\"1113\">Jos\u00e9 Osejo<\/strong><\/p>\n<\/li>\n<li data-start=\"1116\" data-end=\"1150\">\n<p data-start=\"1118\" data-end=\"1150\">Ge\u00f3grafo <strong data-start=\"1127\" data-end=\"1150\">Ra\u00fal Delgado Alvino<\/strong><\/p>\n<\/li>\n<\/ul>\n<p data-start=\"1152\" data-end=\"1364\">Esta presencia reafirma el compromiso del Colegio de Ge\u00f3grafos del Per\u00fa con los procesos de planificaci\u00f3n de largo plazo y su rol esencial en la construcci\u00f3n de territorios sostenibles, resilientes y equitativos.<\/p>\n<p data-start=\"1366\" data-end=\"1637\">Durante el lanzamiento, el <strong data-start=\"1393\" data-end=\"1419\">Ing. Juan Fern\u00e1n Mu\u00f1oz<\/strong>, presidente de la Comisi\u00f3n Nacional Plan Per\u00fa 2050, destac\u00f3 que este instrumento busca orientar el desarrollo nacional hacia el a\u00f1o 2050 desde un enfoque t\u00e9cnico y prospectivo. La jornada incluy\u00f3 ponencias clave como:<\/p>\n<ul data-start=\"1638\" data-end=\"2010\">\n<li data-start=\"1638\" data-end=\"1783\">\n<p data-start=\"1640\" data-end=\"1783\">\u201c<em data-start=\"1641\" data-end=\"1734\">Nuevos motores de crecimiento para el desarrollo futuro del pa\u00eds: una reflexi\u00f3n prospectiva<\/em>\u201d, a cargo del <strong data-start=\"1749\" data-end=\"1783\">Ing. Isa\u00edas Quevedo de la Cruz<\/strong><\/p>\n<\/li>\n<li data-start=\"1784\" data-end=\"1889\">\n<p data-start=\"1786\" data-end=\"1889\">\u201c<em data-start=\"1787\" data-end=\"1846\">Aplicaci\u00f3n de la inteligencia artificial a la prospectiva<\/em>\u201d, por el <strong data-start=\"1856\" data-end=\"1889\">Ing. Rub\u00e9n G\u00f3mez-S\u00e1nchez Soto<\/strong><\/p>\n<\/li>\n<li data-start=\"1890\" data-end=\"2010\">\n<p data-start=\"1892\" data-end=\"2010\">\u201c<em data-start=\"1893\" data-end=\"1957\">Hacia el Plan Per\u00fa 2050: lecciones aprendidas y pr\u00f3ximos pasos<\/em>\u201d, desarrollada por el <strong data-start=\"1980\" data-end=\"2010\">Ing. Tellys Paucar Anccasi<\/strong><\/p>\n<\/li>\n<\/ul>\n<p data-start=\"2012\" data-end=\"2306\">El <strong data-start=\"2015\" data-end=\"2048\">Colegio de Ge\u00f3grafos del Per\u00fa<\/strong> saluda esta propuesta liderada por el <strong data-start=\"2087\" data-end=\"2094\">CIP<\/strong>, bajo la gesti\u00f3n de su decano nacional, <strong data-start=\"2135\" data-end=\"2160\">Ing. Jaime Ruiz B\u00e9jar<\/strong>, y resalta la importancia de integrar enfoques geogr\u00e1ficos, territoriales y ambientales en todo proceso de planificaci\u00f3n nacional de largo plazo.<\/p>\n<p data-start=\"2308\" data-end=\"2537\">Como instituci\u00f3n t\u00e9cnica comprometida con el desarrollo del pa\u00eds, el CGP reafirma su disposici\u00f3n a aportar sus capacidades profesionales para la construcci\u00f3n de un <strong data-start=\"2472\" data-end=\"2536\">Per\u00fa m\u00e1s ordenado, resiliente y territorialmente equilibrado<\/strong>.<\/p>\n","protected":false},"excerpt":{"rendered":"<p>El Colegio de Ge\u00f3grafos del Per\u00fa (CGP) particip\u00f3 activamente en la presentaci\u00f3n del Plan Per\u00fa 2050, una iniciativa liderada por el Colegio de Ingenieros del Per\u00fa (CIP) que plantea una visi\u00f3n t\u00e9cnica, multisectorial y de largo plazo para el desarrollo del pa\u00eds, con \u00e9nfasis en la sostenibilidad, la innovaci\u00f3n y la planificaci\u00f3n territorial. El evento, [&hellip;]<\/p>\n","protected":false},"author":2,"featured_media":5216,"comment_status":"open","ping_status":"open","sticky":false,"template":"","format":"standard","meta":{"_et_pb_use_builder":"","_et_pb_old_content":"","_et_gb_content_width":"","footnotes":""},"categories":[283,47],"tags":[],"class_list":["post-5215","post","type-post","status-publish","format-standard","has-post-thumbnail","hentry","category-notas-de-prensa","category-noticias"],"_links":{"self":[{"href":"https:\/\/cgp.org.pe\/web\/wp-json\/wp\/v2\/posts\/5215","targetHints":{"allow":["GET"]}}],"collection":[{"href":"https:\/\/cgp.org.pe\/web\/wp-json\/wp\/v2\/posts"}],"about":[{"href":"https:\/\/cgp.org.pe\/web\/wp-json\/wp\/v2\/types\/post"}],"author":[{"embeddable":true,"href":"https:\/\/cgp.org.pe\/web\/wp-json\/wp\/v2\/users\/2"}],"replies":[{"embeddable":true,"href":"https:\/\/cgp.org.pe\/web\/wp-json\/wp\/v2\/comments?post=5215"}],"version-history":[{"count":1,"href":"https:\/\/cgp.org.pe\/web\/wp-json\/wp\/v2\/posts\/5215\/revisions"}],"predecessor-version":[{"id":5217,"href":"https:\/\/cgp.org.pe\/web\/wp-json\/wp\/v2\/posts\/5215\/revisions\/5217"}],"wp:featuredmedia":[{"embeddable":true,"href":"https:\/\/cgp.org.pe\/web\/wp-json\/wp\/v2\/media\/5216"}],"wp:attachment":[{"href":"https:\/\/cgp.org.pe\/web\/wp-json\/wp\/v2\/media?parent=5215"}],"wp:term":[{"taxonomy":"category","embeddable":true,"href":"https:\/\/cgp.org.pe\/web\/wp-json\/wp\/v2\/categories?post=5215"},{"taxonomy":"post_tag","embeddable":true,"href":"https:\/\/cgp.org.pe\/web\/wp-json\/wp\/v2\/tags?post=5215"}],"curies":[{"name":"wp","href":"https:\/\/api.w.org\/{rel}","templated":true}]}}