{"id":5211,"date":"2025-07-21T19:41:36","date_gmt":"2025-07-22T00:41:36","guid":{"rendered":"https:\/\/cgp.org.pe\/web\/?p=5211"},"modified":"2025-07-21T19:42:18","modified_gmt":"2025-07-22T00:42:18","slug":"consejo-nacional-de-decanos-de-los-colegios-profesionales-del-peru-se-pronuncian-en-defensa-de-la-institucionalidad-y-el-respeto-al-orden-constitucional","status":"publish","type":"post","link":"https:\/\/cgp.org.pe\/web\/consejo-nacional-de-decanos-de-los-colegios-profesionales-del-peru-se-pronuncian-en-defensa-de-la-institucionalidad-y-el-respeto-al-orden-constitucional\/","title":{"rendered":"Consejo Nacional de Decanos  de los Colegios Profesionales del Per\u00fa se pronuncian en defensa de la institucionalidad y el respeto al orden constitucional"},"content":{"rendered":"<p>\u00a1Por supuesto! Aqu\u00ed tienes el texto convertido en <strong>nota de prensa<\/strong> lista para web:<\/p>\n<hr \/>\n<p>El <strong>Consejo Nacional de Decanos de los Colegios Profesionales del Per\u00fa (CDCP)<\/strong> emiti\u00f3 el Pronunciamiento N.\u00b0 004-2025-CDCP, mediante el cual expresa p\u00fablicamente su firme posici\u00f3n <strong>en defensa de la institucionalidad, la autonom\u00eda profesional y el respeto al orden constitucional<\/strong>.<\/p>\n<p>En el documento, el CDCP rechaz\u00f3 de manera <strong>firme y categ\u00f3rica<\/strong> cualquier intento que busque <strong>prolongar irregularmente el mandato<\/strong> del actual Consejo Directivo de la <strong>Superintendencia Nacional de Educaci\u00f3n Universitaria (SUNEDU)<\/strong> por un per\u00edodo adicional de tres a\u00f1os, calific\u00e1ndolo como un acto contrario a los procedimientos establecidos y en contravenci\u00f3n directa de las normas vigentes.<\/p>\n<p>Asimismo, alert\u00f3 que dicha propuesta legislativa <strong>vulnera la autonom\u00eda institucional del CDCP<\/strong>, adem\u00e1s de afectar principios de legalidad, alternancia, representaci\u00f3n y participaci\u00f3n democr\u00e1tica consagrados en la Constituci\u00f3n Pol\u00edtica del Per\u00fa, la Ley Universitaria y los estatutos del CDCP.<\/p>\n<p>El pronunciamiento tambi\u00e9n record\u00f3 que la designaci\u00f3n del representante del CDCP ante la SUNEDU es <strong>una potestad exclusiva<\/strong> del propio Consejo de Decanos, conforme a lo acordado en Asamblea General Extraordinaria y canalizado a trav\u00e9s de su Comit\u00e9 Electoral. Esta designaci\u00f3n fue leg\u00edtima y plenamente facultada para llevar adelante dicho proceso bajo los principios de <strong>autonom\u00eda y autorregulaci\u00f3n profesional<\/strong>.<\/p>\n<p>Finalmente, el CDCP <strong>exhort\u00f3 al Congreso de la Rep\u00fablica<\/strong> a respetar de manera absoluta las competencias y decisiones aut\u00f3nomas de los colegios profesionales organizados en el pa\u00eds, e hizo un llamado a las instituciones del Estado a no imponer intereses particulares que alteren el normal desarrollo de sus funciones representativas.<\/p>\n<blockquote><p><strong>\u201cInvocamos a la ciudadan\u00eda, a la comunidad universitaria y a los medios de comunicaci\u00f3n a mantenerse vigilantes frente a toda acci\u00f3n que debilite el equilibrio institucional y atente contra el principio de meritocracia y la independencia de los \u00f3rganos reguladores en el Per\u00fa\u201d<\/strong>, expresa el pronunciamiento.<\/p><\/blockquote>\n<hr \/>\n<p><strong>El Consejo Nacional de Decanos de los Colegios Profesionales del Per\u00fa reafirma su compromiso con la defensa del Estado de derecho, la transparencia institucional y la dignidad del ejercicio profesional en el pa\u00eds.<\/strong><\/p>\n<p><strong>Firmado por:<\/strong><br \/>\n<em>Pedro Riega L\u00f3pez (Presidente CDCP, Colegio M\u00e9dico del Per\u00fa),<\/em><br \/>\n<em>Edwin Lozada Valdez (Tesorero CDCP, Colegio de Ge\u00f3grafos del Per\u00fa),<\/em><br \/>\n<em>Jaime Risco Mozo (Secretario CDCP, Colegio de Estad\u00edsticos del Per\u00fa),<\/em><br \/>\n<em>y los dem\u00e1s decanos nacionales integrantes del Consejo<\/em><\/p>\n<p><a href=\"http:\/\/cgp.org.pe\/web\/wp-content\/uploads\/2025\/07\/WhatsApp-Image-2025-07-21-at-3.58.46-PM-scaled.jpeg\"><img loading=\"lazy\" decoding=\"async\" class=\"alignnone wp-image-5212 lazyload\" data-src=\"http:\/\/cgp.org.pe\/web\/wp-content\/uploads\/2025\/07\/WhatsApp-Image-2025-07-21-at-3.58.46-PM-183x300.jpeg\" alt=\"\" width=\"299\" height=\"490\" src=\"data:image\/gif;base64,R0lGODlhAQABAAAAACH5BAEKAAEALAAAAAABAAEAAAICTAEAOw==\" style=\"--smush-placeholder-width: 299px; --smush-placeholder-aspect-ratio: 299\/490;\" \/><noscript><img loading=\"lazy\" decoding=\"async\" class=\"alignnone wp-image-5212\" src=\"http:\/\/cgp.org.pe\/web\/wp-content\/uploads\/2025\/07\/WhatsApp-Image-2025-07-21-at-3.58.46-PM-183x300.jpeg\" alt=\"\" width=\"299\" height=\"490\" \/><\/noscript><\/a><\/p>\n","protected":false},"excerpt":{"rendered":"<p>\u00a1Por supuesto! Aqu\u00ed tienes el texto convertido en nota de prensa lista para web: El Consejo Nacional de Decanos de los Colegios Profesionales del Per\u00fa (CDCP) emiti\u00f3 el Pronunciamiento N.\u00b0 004-2025-CDCP, mediante el cual expresa p\u00fablicamente su firme posici\u00f3n en defensa de la institucionalidad, la autonom\u00eda profesional y el respeto al orden constitucional. En el [&hellip;]<\/p>\n","protected":false},"author":2,"featured_media":5213,"comment_status":"open","ping_status":"open","sticky":false,"template":"","format":"standard","meta":{"_et_pb_use_builder":"","_et_pb_old_content":"","_et_gb_content_width":"","footnotes":""},"categories":[283,47],"tags":[],"class_list":["post-5211","post","type-post","status-publish","format-standard","has-post-thumbnail","hentry","category-notas-de-prensa","category-noticias"],"_links":{"self":[{"href":"https:\/\/cgp.org.pe\/web\/wp-json\/wp\/v2\/posts\/5211","targetHints":{"allow":["GET"]}}],"collection":[{"href":"https:\/\/cgp.org.pe\/web\/wp-json\/wp\/v2\/posts"}],"about":[{"href":"https:\/\/cgp.org.pe\/web\/wp-json\/wp\/v2\/types\/post"}],"author":[{"embeddable":true,"href":"https:\/\/cgp.org.pe\/web\/wp-json\/wp\/v2\/users\/2"}],"replies":[{"embeddable":true,"href":"https:\/\/cgp.org.pe\/web\/wp-json\/wp\/v2\/comments?post=5211"}],"version-history":[{"count":1,"href":"https:\/\/cgp.org.pe\/web\/wp-json\/wp\/v2\/posts\/5211\/revisions"}],"predecessor-version":[{"id":5214,"href":"https:\/\/cgp.org.pe\/web\/wp-json\/wp\/v2\/posts\/5211\/revisions\/5214"}],"wp:featuredmedia":[{"embeddable":true,"href":"https:\/\/cgp.org.pe\/web\/wp-json\/wp\/v2\/media\/5213"}],"wp:attachment":[{"href":"https:\/\/cgp.org.pe\/web\/wp-json\/wp\/v2\/media?parent=5211"}],"wp:term":[{"taxonomy":"category","embeddable":true,"href":"https:\/\/cgp.org.pe\/web\/wp-json\/wp\/v2\/categories?post=5211"},{"taxonomy":"post_tag","embeddable":true,"href":"https:\/\/cgp.org.pe\/web\/wp-json\/wp\/v2\/tags?post=5211"}],"curies":[{"name":"wp","href":"https:\/\/api.w.org\/{rel}","templated":true}]}}