{"id":5204,"date":"2025-07-17T21:27:56","date_gmt":"2025-07-18T02:27:56","guid":{"rendered":"https:\/\/cgp.org.pe\/web\/?p=5204"},"modified":"2025-07-17T21:27:56","modified_gmt":"2025-07-18T02:27:56","slug":"pronunciamiento-conjunto-advertencia-tecnica-y-geografica-tras-el-colapso-del-malecon-la-herradura-en-chorrillos","status":"publish","type":"post","link":"https:\/\/cgp.org.pe\/web\/pronunciamiento-conjunto-advertencia-tecnica-y-geografica-tras-el-colapso-del-malecon-la-herradura-en-chorrillos\/","title":{"rendered":"Pronunciamiento conjunto: advertencia t\u00e9cnica y geogr\u00e1fica tras el colapso del malec\u00f3n La Herradura en Chorrillos"},"content":{"rendered":"<p>El <strong>Colegio de Ge\u00f3grafos del Per\u00fa<\/strong>, en conjunto con <strong>APV EIRL<\/strong> y <strong>Yanapacc<\/strong>, emiti\u00f3 un pronunciamiento p\u00fablico tras el reciente colapso del malec\u00f3n La Herradura, ocurrido en Chorrillos en julio de 2025. Este evento, se\u00f1alan, no se trata de un fen\u00f3meno estrictamente natural, sino de una manifestaci\u00f3n de un <strong>desequilibrio geodin\u00e1mico<\/strong> provocado por intervenciones humanas que alteran los sistemas litorales.<\/p>\n<p>De acuerdo con el pronunciamiento, la zona afectada est\u00e1 asentada sobre <strong>relleno artificial<\/strong> producto de vertimientos de material excedente durante la construcci\u00f3n de la V\u00eda Expresa en los a\u00f1os 70, no sobre terrazas marinas estables. Esta pr\u00e1ctica, conocida bajo el discurso de <strong>\u201cganarle terreno al mar\u201d<\/strong>, representa una visi\u00f3n t\u00e9cnica y sem\u00e1ntica que ignora la l\u00f3gica morfodin\u00e1mica del litoral peruano.<\/p>\n<p>Investigaciones recientes (Del Solar &amp; Trillo, 2023) evidencian que la zona presenta una <strong>erosi\u00f3n costera sostenida de \u20130.54 m\/a\u00f1o<\/strong>, demostrando que el mar \u201crecupera\u201d gradualmente el espacio que le fue arrebatado.<\/p>\n<h3>Un llamado de atenci\u00f3n desde la geograf\u00eda sist\u00e9mica<\/h3>\n<p>El pronunciamiento explica que el mar es un <strong>sistema abierto, autosostenible y autoregulador<\/strong>. Las intervenciones humanas que modifican su equilibrio \u2014como rellenos, muros de contenci\u00f3n o v\u00edas de alta densidad\u2014 generan respuestas estructurales en el entorno, tales como colapsos, reflujos y redistribuci\u00f3n sedimentaria.<\/p>\n<p>\u201cNo se trata de <em>oleajes an\u00f3malos<\/em>, como suele difundirse, sino de <strong>oleajes excepcionales<\/strong> coherentes con ciclos atmosf\u00e9ricos y tect\u00f3nicos previsibles\u201d, se precisa en el comunicado.<\/p>\n<h3>Repensar la relaci\u00f3n con el territorio<\/h3>\n<p>El litoral peruano no puede ser considerado un soporte pasivo de infraestructura, sino un espacio vivo que exige comprensi\u00f3n geodin\u00e1mica y gobernanza basada en evidencia.<br \/>\nLa noci\u00f3n de \u201cganancia territorial al mar\u201d debe replantearse tanto en la narrativa institucional como en los planes de ordenamiento territorial.<\/p>\n<p><strong>No se trata de recuperar lo perdido, sino de reconocer lo que nunca nos perteneci\u00f3.<\/strong><\/p>\n<blockquote><p><strong>El mar no castiga: responde. No rompe estructuras por capricho, sino porque fueron ubicadas fuera de contexto. La geograf\u00eda nos advierte. El territorio reclama.<\/strong><\/p><\/blockquote>\n<p><a href=\"http:\/\/cgp.org.pe\/web\/wp-content\/uploads\/2025\/07\/518374598_1137440498411644_6053338042994718884_n.jpg\"><img loading=\"lazy\" decoding=\"async\" class=\"alignnone size-medium wp-image-5205 lazyload\" data-src=\"http:\/\/cgp.org.pe\/web\/wp-content\/uploads\/2025\/07\/518374598_1137440498411644_6053338042994718884_n-211x300.jpg\" alt=\"\" width=\"211\" height=\"300\" src=\"data:image\/gif;base64,R0lGODlhAQABAAAAACH5BAEKAAEALAAAAAABAAEAAAICTAEAOw==\" style=\"--smush-placeholder-width: 211px; --smush-placeholder-aspect-ratio: 211\/300;\" \/><noscript><img loading=\"lazy\" decoding=\"async\" class=\"alignnone size-medium wp-image-5205\" src=\"http:\/\/cgp.org.pe\/web\/wp-content\/uploads\/2025\/07\/518374598_1137440498411644_6053338042994718884_n-211x300.jpg\" alt=\"\" width=\"211\" height=\"300\" \/><\/noscript><\/a> <a href=\"http:\/\/cgp.org.pe\/web\/wp-content\/uploads\/2025\/07\/518350374_1137440508411643_5228356556500356080_n.jpg\"><img loading=\"lazy\" decoding=\"async\" class=\"alignnone size-medium wp-image-5206 lazyload\" data-src=\"http:\/\/cgp.org.pe\/web\/wp-content\/uploads\/2025\/07\/518350374_1137440508411643_5228356556500356080_n-213x300.jpg\" alt=\"\" width=\"213\" height=\"300\" src=\"data:image\/gif;base64,R0lGODlhAQABAAAAACH5BAEKAAEALAAAAAABAAEAAAICTAEAOw==\" style=\"--smush-placeholder-width: 213px; --smush-placeholder-aspect-ratio: 213\/300;\" \/><noscript><img loading=\"lazy\" decoding=\"async\" class=\"alignnone size-medium wp-image-5206\" src=\"http:\/\/cgp.org.pe\/web\/wp-content\/uploads\/2025\/07\/518350374_1137440508411643_5228356556500356080_n-213x300.jpg\" alt=\"\" width=\"213\" height=\"300\" \/><\/noscript><\/a><\/p>\n","protected":false},"excerpt":{"rendered":"<p>El Colegio de Ge\u00f3grafos del Per\u00fa, en conjunto con APV EIRL y Yanapacc, emiti\u00f3 un pronunciamiento p\u00fablico tras el reciente colapso del malec\u00f3n La Herradura, ocurrido en Chorrillos en julio de 2025. Este evento, se\u00f1alan, no se trata de un fen\u00f3meno estrictamente natural, sino de una manifestaci\u00f3n de un desequilibrio geodin\u00e1mico provocado por intervenciones humanas [&hellip;]<\/p>\n","protected":false},"author":2,"featured_media":5207,"comment_status":"open","ping_status":"open","sticky":false,"template":"","format":"standard","meta":{"_et_pb_use_builder":"","_et_pb_old_content":"","_et_gb_content_width":"","footnotes":""},"categories":[11,283,47,51],"tags":[],"class_list":["post-5204","post","type-post","status-publish","format-standard","has-post-thumbnail","hentry","category-comunicados","category-notas-de-prensa","category-noticias","category-pronunciamiento"],"_links":{"self":[{"href":"https:\/\/cgp.org.pe\/web\/wp-json\/wp\/v2\/posts\/5204","targetHints":{"allow":["GET"]}}],"collection":[{"href":"https:\/\/cgp.org.pe\/web\/wp-json\/wp\/v2\/posts"}],"about":[{"href":"https:\/\/cgp.org.pe\/web\/wp-json\/wp\/v2\/types\/post"}],"author":[{"embeddable":true,"href":"https:\/\/cgp.org.pe\/web\/wp-json\/wp\/v2\/users\/2"}],"replies":[{"embeddable":true,"href":"https:\/\/cgp.org.pe\/web\/wp-json\/wp\/v2\/comments?post=5204"}],"version-history":[{"count":1,"href":"https:\/\/cgp.org.pe\/web\/wp-json\/wp\/v2\/posts\/5204\/revisions"}],"predecessor-version":[{"id":5208,"href":"https:\/\/cgp.org.pe\/web\/wp-json\/wp\/v2\/posts\/5204\/revisions\/5208"}],"wp:featuredmedia":[{"embeddable":true,"href":"https:\/\/cgp.org.pe\/web\/wp-json\/wp\/v2\/media\/5207"}],"wp:attachment":[{"href":"https:\/\/cgp.org.pe\/web\/wp-json\/wp\/v2\/media?parent=5204"}],"wp:term":[{"taxonomy":"category","embeddable":true,"href":"https:\/\/cgp.org.pe\/web\/wp-json\/wp\/v2\/categories?post=5204"},{"taxonomy":"post_tag","embeddable":true,"href":"https:\/\/cgp.org.pe\/web\/wp-json\/wp\/v2\/tags?post=5204"}],"curies":[{"name":"wp","href":"https:\/\/api.w.org\/{rel}","templated":true}]}}