{"id":5201,"date":"2025-07-16T14:58:42","date_gmt":"2025-07-16T19:58:42","guid":{"rendered":"https:\/\/cgp.org.pe\/web\/?p=5201"},"modified":"2025-07-16T14:58:42","modified_gmt":"2025-07-16T19:58:42","slug":"geografia-para-el-desarrollo-colegio-de-geografos-del-peru-presente-en-mesa-tecnica-del-congreso-sobre-el-megaproyecto-chancay-y-el-corredor-bioceanico","status":"publish","type":"post","link":"https:\/\/cgp.org.pe\/web\/geografia-para-el-desarrollo-colegio-de-geografos-del-peru-presente-en-mesa-tecnica-del-congreso-sobre-el-megaproyecto-chancay-y-el-corredor-bioceanico\/","title":{"rendered":"Geograf\u00eda para el Desarrollo: Colegio de Ge\u00f3grafos del Per\u00fa presente en mesa t\u00e9cnica del Congreso sobre el Megaproyecto Chancay y el Corredor Bioce\u00e1nico"},"content":{"rendered":"<div class=\"flex basis-auto flex-col -mb-(--composer-overlap-px) [--composer-overlap-px:55px] grow overflow-hidden\">\n<div class=\"relative h-full\">\n<div class=\"flex h-full flex-col overflow-y-auto [scrollbar-gutter:stable_both-edges] @[84rem]\/thread:pt-(--header-height)\">\n<div class=\"@thread-xl\/thread:pt-header-height flex flex-col text-sm pb-25\">\n<article class=\"text-token-text-primary w-full\" dir=\"auto\" data-testid=\"conversation-turn-4\" data-scroll-anchor=\"false\">\n<div class=\"text-base my-auto mx-auto py-5 [--thread-content-margin:--spacing(4)] @[37rem]:[--thread-content-margin:--spacing(6)] @[72rem]:[--thread-content-margin:--spacing(16)] px-(--thread-content-margin)\">\n<div class=\"[--thread-content-max-width:32rem] @[34rem]:[--thread-content-max-width:40rem] @[64rem]:[--thread-content-max-width:48rem] mx-auto flex max-w-(--thread-content-max-width) flex-1 text-base gap-4 md:gap-5 lg:gap-6 group\/turn-messages focus-visible:outline-hidden\" tabindex=\"-1\">\n<div class=\"group\/conversation-turn relative flex w-full min-w-0 flex-col agent-turn\">\n<div class=\"relative flex-col gap-1 md:gap-3\">\n<div class=\"flex max-w-full flex-col grow\">\n<div class=\"min-h-8 text-message relative flex w-full flex-col items-end gap-2 text-start break-words whitespace-normal [.text-message+&amp;]:mt-5\" dir=\"auto\" data-message-author-role=\"assistant\" data-message-id=\"115553c1-b31c-4667-83e0-b8b4cda3bbfc\" data-message-model-slug=\"gpt-4o\">\n<div class=\"flex w-full flex-col gap-1 empty:hidden first:pt-[3px]\">\n<div class=\"markdown prose dark:prose-invert w-full break-words dark\">\n<p data-start=\"329\" data-end=\"951\">Con el objetivo de promover una visi\u00f3n t\u00e9cnica y territorial del desarrollo nacional, el <strong data-start=\"418\" data-end=\"451\">Colegio de Ge\u00f3grafos del Per\u00fa<\/strong>, encabezado por su <strong data-start=\"471\" data-end=\"514\">Decano Nacional Mg. Edwin Lozada Valdez<\/strong> y el <strong data-start=\"520\" data-end=\"562\">Fiscal, Ge\u00f3grafo \u00d3scar Guzm\u00e1n Charcape<\/strong>, particip\u00f3 activamente en la mesa de trabajo multidisciplinaria realizada en el Congreso de la Rep\u00fablica. Esta sesi\u00f3n se enfoc\u00f3 en la segunda etapa del <strong data-start=\"715\" data-end=\"739\">Megaproyecto Chancay<\/strong>, abordando temas clave como la conectividad con Brasil, el <strong data-start=\"799\" data-end=\"827\">Corredor Bioce\u00e1nico Vial<\/strong>, la balanza comercial entre ambos pa\u00edses y las perspectivas para la optimizaci\u00f3n del Tratado de Libre Comercio Per\u00fa\u2013Brasil.<\/p>\n<p data-start=\"953\" data-end=\"1445\">Durante la reuni\u00f3n, los representantes del Colegio de Ge\u00f3grafos aportaron una mirada estrat\u00e9gica sobre el ordenamiento territorial, el impacto ambiental y la sostenibilidad de los megaproyectos, en di\u00e1logo con especialistas del <strong data-start=\"1181\" data-end=\"1216\">Colegio de Economistas del Per\u00fa<\/strong>, el <strong data-start=\"1221\" data-end=\"1267\">Ministerio de Transportes y Comunicaciones<\/strong>, el <strong data-start=\"1272\" data-end=\"1311\">Ministerio de Relaciones Exteriores<\/strong>, <strong data-start=\"1313\" data-end=\"1345\">COSCO Shipping Ports Chancay<\/strong>, la <strong data-start=\"1350\" data-end=\"1382\">Autoridad Portuaria Nacional<\/strong>, la <strong data-start=\"1387\" data-end=\"1417\">C\u00e1mara de Comercio de Lima<\/strong>, entre otras instituciones.<\/p>\n<p data-start=\"1447\" data-end=\"1839\">En el marco del evento, el congresista <strong data-start=\"1486\" data-end=\"1514\">Roberto S\u00e1nchez Palomino<\/strong> subray\u00f3 la importancia del <strong data-start=\"1542\" data-end=\"1579\">Proyecto de Ley N.\u00ba 11899\/2024-CR<\/strong>, que declara de inter\u00e9s nacional el desarrollo del <strong data-start=\"1631\" data-end=\"1693\">Corredor Ferroviario Bioce\u00e1nico Atl\u00e1ntico-Pac\u00edfico (CFBAP)<\/strong>, una iniciativa que busca conectar la costa atl\u00e1ntica de Brasil con el Pac\u00edfico sur a trav\u00e9s de los terminales portuarios de El Callao y Chancay.<\/p>\n<p data-start=\"1841\" data-end=\"2300\">Este espacio de di\u00e1logo representa un paso clave hacia una integraci\u00f3n regional efectiva, pero tambi\u00e9n dej\u00f3 en evidencia la necesidad de una mayor articulaci\u00f3n entre los sectores p\u00fablico y privado, as\u00ed como de una planificaci\u00f3n geoespacial rigurosa. Proyectos de esta magnitud requieren enfoques t\u00e9cnicos que garanticen su sostenibilidad y un verdadero impacto en el desarrollo territorial, la infraestructura nacional y el bienestar de la ciudadan\u00eda peruana.<\/p>\n<\/div>\n<\/div>\n<\/div>\n<\/div>\n<\/div>\n<\/div>\n<\/div>\n<\/div>\n<\/article>\n<article class=\"text-token-text-primary w-full\" dir=\"auto\" data-testid=\"conversation-turn-6\" data-scroll-anchor=\"true\">\n<div class=\"text-base my-auto mx-auto py-5 [--thread-content-margin:--spacing(4)] @[37rem]:[--thread-content-margin:--spacing(6)] @[72rem]:[--thread-content-margin:--spacing(16)] px-(--thread-content-margin)\">\n<div class=\"[--thread-content-max-width:32rem] @[34rem]:[--thread-content-max-width:40rem] @[64rem]:[--thread-content-max-width:48rem] mx-auto flex max-w-(--thread-content-max-width) flex-1 text-base gap-4 md:gap-5 lg:gap-6 group\/turn-messages focus-visible:outline-hidden\" tabindex=\"-1\">\n<div class=\"group\/conversation-turn relative flex w-full min-w-0 flex-col agent-turn\">\n<div class=\"relative flex-col gap-1 md:gap-3\">\n<div class=\"flex max-w-full flex-col grow\">\n<div class=\"min-h-8 text-message relative flex w-full flex-col items-end gap-2 text-start break-words whitespace-normal [.text-message+&amp;]:mt-5\" dir=\"auto\" data-message-author-role=\"assistant\" data-message-id=\"a6998987-2239-47ff-83a1-cd15ec8bf3ec\" data-message-model-slug=\"gpt-4o\">\n<div class=\"flex w-full flex-col gap-1 empty:hidden first:pt-[3px]\">\n<div class=\"markdown prose dark:prose-invert w-full break-words dark\"><\/div>\n<\/div>\n<\/div>\n<\/div>\n<\/div>\n<\/div>\n<\/div>\n<\/div>\n<\/article>\n<\/div>\n<\/div>\n<\/div>\n<\/div>\n<div id=\"thread-bottom-container\" class=\"content-fade relative isolate z-10 w-full basis-auto has-data-has-thread-error:pt-2 has-data-has-thread-error:[box-shadow:var(--sharp-edge-bottom-shadow)] md:border-transparent md:pt-0 dark:border-white\/20 md:dark:border-transparent flex flex-col\">\n<div id=\"thread-bottom\">\n<div class=\"text-base mx-auto [--thread-content-margin:--spacing(4)] @[37rem]:[--thread-content-margin:--spacing(6)] @[72rem]:[--thread-content-margin:--spacing(16)] px-(--thread-content-margin)\">\n<div class=\"[--thread-content-max-width:32rem] @[34rem]:[--thread-content-max-width:40rem] @[64rem]:[--thread-content-max-width:48rem] mx-auto flex max-w-(--thread-content-max-width) flex-1 text-base gap-4 md:gap-5 lg:gap-6\">\n<div class=\"max-xs:[--force-hide-label:none] relative z-1 flex h-full max-w-full flex-1 flex-col\">\n<form class=\"w-full [view-transition-name:var(--vt-composer)]\" data-type=\"unified-composer\">\n<div class=\"bg-token-bg-primary flex w-full cursor-text flex-col items-center justify-center overflow-clip bg-clip-padding contain-inline-size dark:bg-[#303030] shadow-short rounded-[28px]\">\n<div class=\"relative flex w-full items-end px-2.5 py-2.5\">\n<div class=\"relative flex w-full flex-auto flex-col\">\n<div class=\"relative mx-2.5 grid grid-cols-[auto_minmax(0,1fr)]\">\n<div class=\"items-top flex justify-center\">\n<div><\/div>\n<\/div>\n<\/div>\n<\/div>\n<\/div>\n<\/div>\n<\/form>\n<\/div>\n<\/div>\n<\/div>\n<\/div>\n<\/div>\n","protected":false},"excerpt":{"rendered":"<p>Con el objetivo de promover una visi\u00f3n t\u00e9cnica y territorial del desarrollo nacional, el Colegio de Ge\u00f3grafos del Per\u00fa, encabezado por su Decano Nacional Mg. Edwin Lozada Valdez y el Fiscal, Ge\u00f3grafo \u00d3scar Guzm\u00e1n Charcape, particip\u00f3 activamente en la mesa de trabajo multidisciplinaria realizada en el Congreso de la Rep\u00fablica. Esta sesi\u00f3n se enfoc\u00f3 en [&hellip;]<\/p>\n","protected":false},"author":2,"featured_media":5202,"comment_status":"open","ping_status":"open","sticky":false,"template":"","format":"standard","meta":{"_et_pb_use_builder":"","_et_pb_old_content":"","_et_gb_content_width":"","footnotes":""},"categories":[283,47],"tags":[],"class_list":["post-5201","post","type-post","status-publish","format-standard","has-post-thumbnail","hentry","category-notas-de-prensa","category-noticias"],"_links":{"self":[{"href":"https:\/\/cgp.org.pe\/web\/wp-json\/wp\/v2\/posts\/5201","targetHints":{"allow":["GET"]}}],"collection":[{"href":"https:\/\/cgp.org.pe\/web\/wp-json\/wp\/v2\/posts"}],"about":[{"href":"https:\/\/cgp.org.pe\/web\/wp-json\/wp\/v2\/types\/post"}],"author":[{"embeddable":true,"href":"https:\/\/cgp.org.pe\/web\/wp-json\/wp\/v2\/users\/2"}],"replies":[{"embeddable":true,"href":"https:\/\/cgp.org.pe\/web\/wp-json\/wp\/v2\/comments?post=5201"}],"version-history":[{"count":1,"href":"https:\/\/cgp.org.pe\/web\/wp-json\/wp\/v2\/posts\/5201\/revisions"}],"predecessor-version":[{"id":5203,"href":"https:\/\/cgp.org.pe\/web\/wp-json\/wp\/v2\/posts\/5201\/revisions\/5203"}],"wp:featuredmedia":[{"embeddable":true,"href":"https:\/\/cgp.org.pe\/web\/wp-json\/wp\/v2\/media\/5202"}],"wp:attachment":[{"href":"https:\/\/cgp.org.pe\/web\/wp-json\/wp\/v2\/media?parent=5201"}],"wp:term":[{"taxonomy":"category","embeddable":true,"href":"https:\/\/cgp.org.pe\/web\/wp-json\/wp\/v2\/categories?post=5201"},{"taxonomy":"post_tag","embeddable":true,"href":"https:\/\/cgp.org.pe\/web\/wp-json\/wp\/v2\/tags?post=5201"}],"curies":[{"name":"wp","href":"https:\/\/api.w.org\/{rel}","templated":true}]}}