{"id":5196,"date":"2025-07-11T15:34:02","date_gmt":"2025-07-11T20:34:02","guid":{"rendered":"https:\/\/cgp.org.pe\/web\/?p=5196"},"modified":"2025-07-11T15:34:02","modified_gmt":"2025-07-11T20:34:02","slug":"feliz-dia-del-docente-universitario","status":"publish","type":"post","link":"https:\/\/cgp.org.pe\/web\/feliz-dia-del-docente-universitario\/","title":{"rendered":"\u00a1Feliz D\u00eda del Docente Universitario!"},"content":{"rendered":"<p data-start=\"242\" data-end=\"573\">En el marco del <strong data-start=\"289\" data-end=\"322\">D\u00eda del Docente Universitario<\/strong>, el <strong data-start=\"327\" data-end=\"360\">Colegio de Ge\u00f3grafos del Per\u00fa<\/strong> expresa su m\u00e1s c\u00e1lido saludo y reconocimiento a todas y todos los profesionales de la docencia universitaria que, con compromiso y pasi\u00f3n, contribuyen a la formaci\u00f3n acad\u00e9mica de las nuevas generaciones del pa\u00eds.<\/p>\n<p data-start=\"575\" data-end=\"852\">De manera especial, la instituci\u00f3n destaca la labor de los <strong data-start=\"634\" data-end=\"674\">docentes en el campo de la Geograf\u00eda<\/strong>, quienes no solo transmiten conocimientos cient\u00edficos y t\u00e9cnicos, sino que tambi\u00e9n fomentan una mirada cr\u00edtica y comprometida con el territorio, el medio ambiente y la sociedad.<\/p>\n<p data-start=\"854\" data-end=\"1199\">\u201cEl docente universitario es un pilar fundamental en el desarrollo acad\u00e9mico y profesional del pa\u00eds. Agradecemos y valoramos profundamente el trabajo de quienes ense\u00f1an desde la geograf\u00eda, sembrando conciencia espacial, \u00e9tica y ciudadana en sus estudiantes\u201d, expres\u00f3 el Decano Nacional del Colegio de Ge\u00f3grafos del Per\u00fa, Mg. Edwin Lozada Valdez.<\/p>\n<p data-start=\"1201\" data-end=\"1451\">En este d\u00eda tan significativo, el Colegio reafirma su compromiso con el fortalecimiento de la educaci\u00f3n geogr\u00e1fica superior, promoviendo espacios de actualizaci\u00f3n docente, capacitaci\u00f3n continua y reconocimiento a la labor educativa de sus colegiados.<\/p>\n<p data-start=\"1201\" data-end=\"1451\"><a href=\"http:\/\/cgp.org.pe\/web\/wp-content\/uploads\/2025\/07\/fly-12.jpg\"><img loading=\"lazy\" decoding=\"async\" class=\"alignnone size-medium wp-image-5197 lazyload\" data-src=\"http:\/\/cgp.org.pe\/web\/wp-content\/uploads\/2025\/07\/fly-12-240x300.jpg\" alt=\"\" width=\"240\" height=\"300\" src=\"data:image\/gif;base64,R0lGODlhAQABAAAAACH5BAEKAAEALAAAAAABAAEAAAICTAEAOw==\" style=\"--smush-placeholder-width: 240px; --smush-placeholder-aspect-ratio: 240\/300;\" \/><noscript><img loading=\"lazy\" decoding=\"async\" class=\"alignnone size-medium wp-image-5197\" src=\"http:\/\/cgp.org.pe\/web\/wp-content\/uploads\/2025\/07\/fly-12-240x300.jpg\" alt=\"\" width=\"240\" height=\"300\" \/><\/noscript><\/a><\/p>\n<p data-start=\"1201\" data-end=\"1451\">\n","protected":false},"excerpt":{"rendered":"<p>En el marco del D\u00eda del Docente Universitario, el Colegio de Ge\u00f3grafos del Per\u00fa expresa su m\u00e1s c\u00e1lido saludo y reconocimiento a todas y todos los profesionales de la docencia universitaria que, con compromiso y pasi\u00f3n, contribuyen a la formaci\u00f3n acad\u00e9mica de las nuevas generaciones del pa\u00eds. De manera especial, la instituci\u00f3n destaca la labor [&hellip;]<\/p>\n","protected":false},"author":2,"featured_media":5198,"comment_status":"open","ping_status":"open","sticky":false,"template":"","format":"standard","meta":{"_et_pb_use_builder":"","_et_pb_old_content":"","_et_gb_content_width":"","footnotes":""},"categories":[283,47],"tags":[],"class_list":["post-5196","post","type-post","status-publish","format-standard","has-post-thumbnail","hentry","category-notas-de-prensa","category-noticias"],"_links":{"self":[{"href":"https:\/\/cgp.org.pe\/web\/wp-json\/wp\/v2\/posts\/5196","targetHints":{"allow":["GET"]}}],"collection":[{"href":"https:\/\/cgp.org.pe\/web\/wp-json\/wp\/v2\/posts"}],"about":[{"href":"https:\/\/cgp.org.pe\/web\/wp-json\/wp\/v2\/types\/post"}],"author":[{"embeddable":true,"href":"https:\/\/cgp.org.pe\/web\/wp-json\/wp\/v2\/users\/2"}],"replies":[{"embeddable":true,"href":"https:\/\/cgp.org.pe\/web\/wp-json\/wp\/v2\/comments?post=5196"}],"version-history":[{"count":1,"href":"https:\/\/cgp.org.pe\/web\/wp-json\/wp\/v2\/posts\/5196\/revisions"}],"predecessor-version":[{"id":5199,"href":"https:\/\/cgp.org.pe\/web\/wp-json\/wp\/v2\/posts\/5196\/revisions\/5199"}],"wp:featuredmedia":[{"embeddable":true,"href":"https:\/\/cgp.org.pe\/web\/wp-json\/wp\/v2\/media\/5198"}],"wp:attachment":[{"href":"https:\/\/cgp.org.pe\/web\/wp-json\/wp\/v2\/media?parent=5196"}],"wp:term":[{"taxonomy":"category","embeddable":true,"href":"https:\/\/cgp.org.pe\/web\/wp-json\/wp\/v2\/categories?post=5196"},{"taxonomy":"post_tag","embeddable":true,"href":"https:\/\/cgp.org.pe\/web\/wp-json\/wp\/v2\/tags?post=5196"}],"curies":[{"name":"wp","href":"https:\/\/api.w.org\/{rel}","templated":true}]}}