{"id":5165,"date":"2025-06-10T23:19:01","date_gmt":"2025-06-11T04:19:01","guid":{"rendered":"https:\/\/cgp.org.pe\/web\/?p=5165"},"modified":"2025-06-10T23:41:51","modified_gmt":"2025-06-11T04:41:51","slug":"decano-del-colegio-de-geografos-del-peru-participa-nuevamente-en-el-congreso-de-la-republica","status":"publish","type":"post","link":"https:\/\/cgp.org.pe\/web\/decano-del-colegio-de-geografos-del-peru-participa-nuevamente-en-el-congreso-de-la-republica\/","title":{"rendered":"Decano del Colegio de Ge\u00f3grafos del Per\u00fa participa nuevamente en el Congreso de la Rep\u00fablica"},"content":{"rendered":"<h3 data-start=\"177\" data-end=\"288\">Decano del Colegio de Ge\u00f3grafos del Per\u00fa participa nuevamente como consultor en el Congreso de la Rep\u00fablica<\/h3>\n<p data-start=\"290\" data-end=\"580\">El <strong data-start=\"293\" data-end=\"337\">Decano del Colegio de Ge\u00f3grafos del Per\u00fa(CGP)<\/strong>, Dr. <strong data-start=\"343\" data-end=\"366\">Edwin Lozada Valdez<\/strong>, particip\u00f3 nuevamente como consultor t\u00e9cnico en la sesi\u00f3n de la <strong data-start=\"431\" data-end=\"481\">Comisi\u00f3n Especial del Congreso de la Rep\u00fablica<\/strong> encargada de evaluar el avance y los impactos del <strong data-start=\"532\" data-end=\"579\">Proyecto Terminal Multiprop\u00f3sito de Chancay<\/strong>.<\/p>\n<p data-start=\"582\" data-end=\"1053\">Durante su intervenci\u00f3n, el decano expres\u00f3 su <strong data-start=\"632\" data-end=\"730\">preocupaci\u00f3n por la forma en que se han venido gestionando algunos aspectos clave del proyecto<\/strong>, especialmente en lo referido a la planificaci\u00f3n territorial, la evaluaci\u00f3n de impactos ambientales y la participaci\u00f3n de las comunidades locales en el proceso de toma de decisiones. Asimismo, hizo un llamado a fortalecer los criterios t\u00e9cnicos y cient\u00edficos en la ejecuci\u00f3n de grandes obras de infraestructura en el pa\u00eds.<\/p>\n<p data-start=\"1055\" data-end=\"1342\">El Colegio de Ge\u00f3grafos del Per\u00fa reitera la importancia de incorporar un enfoque territorial integral en proyectos de esta magnitud, que considere no solo los beneficios econ\u00f3micos, sino tambi\u00e9n la sostenibilidad ambiental, la equidad social y la articulaci\u00f3n con el desarrollo regional.<\/p>\n<p data-start=\"1344\" data-end=\"1612\">En el evento tambi\u00e9n estuvo presente el <strong data-start=\"1384\" data-end=\"1406\">fiscal del CGP<\/strong>, Ge\u00f3g. <strong data-start=\"1412\" data-end=\"1428\">Oscar Guzm\u00e1n<\/strong>, quien acompa\u00f1\u00f3 al Decano como parte del equipo institucional, reafirmando el compromiso del gremio con una participaci\u00f3n t\u00e9cnica responsable y \u00e9tica en los temas de inter\u00e9s nacional.<\/p>\n<p data-start=\"1614\" data-end=\"1772\">El Colegio de Ge\u00f3grafos del Per\u00fa en representaci\u00f3n de su decano y su consejo directivo continuar\u00e1 brindando aportes desde la ciencia geogr\u00e1fica para contribuir a un desarrollo m\u00e1s justo, equilibrado y sostenible.<\/p>\n<p data-start=\"1614\" data-end=\"1772\"><a href=\"http:\/\/cgp.org.pe\/web\/wp-content\/uploads\/2025\/06\/IMG_5627-scaled.jpg\"><img loading=\"lazy\" decoding=\"async\" class=\"alignnone size-medium wp-image-5166 lazyload\" data-src=\"http:\/\/cgp.org.pe\/web\/wp-content\/uploads\/2025\/06\/IMG_5627-300x200.jpg\" alt=\"\" width=\"300\" height=\"200\" src=\"data:image\/gif;base64,R0lGODlhAQABAAAAACH5BAEKAAEALAAAAAABAAEAAAICTAEAOw==\" style=\"--smush-placeholder-width: 300px; --smush-placeholder-aspect-ratio: 300\/200;\" \/><noscript><img loading=\"lazy\" decoding=\"async\" class=\"alignnone size-medium wp-image-5166\" src=\"http:\/\/cgp.org.pe\/web\/wp-content\/uploads\/2025\/06\/IMG_5627-300x200.jpg\" alt=\"\" width=\"300\" height=\"200\" \/><\/noscript><\/a> <a href=\"http:\/\/cgp.org.pe\/web\/wp-content\/uploads\/2025\/06\/IMG_5573-scaled.jpg\"><img loading=\"lazy\" decoding=\"async\" class=\"alignnone size-medium wp-image-5168 lazyload\" data-src=\"http:\/\/cgp.org.pe\/web\/wp-content\/uploads\/2025\/06\/IMG_5573-300x200.jpg\" alt=\"\" width=\"300\" height=\"200\" src=\"data:image\/gif;base64,R0lGODlhAQABAAAAACH5BAEKAAEALAAAAAABAAEAAAICTAEAOw==\" style=\"--smush-placeholder-width: 300px; --smush-placeholder-aspect-ratio: 300\/200;\" \/><noscript><img loading=\"lazy\" decoding=\"async\" class=\"alignnone size-medium wp-image-5168\" src=\"http:\/\/cgp.org.pe\/web\/wp-content\/uploads\/2025\/06\/IMG_5573-300x200.jpg\" alt=\"\" width=\"300\" height=\"200\" \/><\/noscript><\/a> <a href=\"http:\/\/cgp.org.pe\/web\/wp-content\/uploads\/2025\/06\/IMG_5584-scaled.jpg\"><img loading=\"lazy\" decoding=\"async\" class=\"alignnone size-medium wp-image-5169 lazyload\" data-src=\"http:\/\/cgp.org.pe\/web\/wp-content\/uploads\/2025\/06\/IMG_5584-300x200.jpg\" alt=\"\" width=\"300\" height=\"200\" src=\"data:image\/gif;base64,R0lGODlhAQABAAAAACH5BAEKAAEALAAAAAABAAEAAAICTAEAOw==\" style=\"--smush-placeholder-width: 300px; --smush-placeholder-aspect-ratio: 300\/200;\" \/><noscript><img loading=\"lazy\" decoding=\"async\" class=\"alignnone size-medium wp-image-5169\" src=\"http:\/\/cgp.org.pe\/web\/wp-content\/uploads\/2025\/06\/IMG_5584-300x200.jpg\" alt=\"\" width=\"300\" height=\"200\" \/><\/noscript><\/a><\/p>\n","protected":false},"excerpt":{"rendered":"<p>Decano del Colegio de Ge\u00f3grafos del Per\u00fa participa nuevamente como consultor en el Congreso de la Rep\u00fablica El Decano del Colegio de Ge\u00f3grafos del Per\u00fa(CGP), Dr. Edwin Lozada Valdez, particip\u00f3 nuevamente como consultor t\u00e9cnico en la sesi\u00f3n de la Comisi\u00f3n Especial del Congreso de la Rep\u00fablica encargada de evaluar el avance y los impactos del [&hellip;]<\/p>\n","protected":false},"author":2,"featured_media":5166,"comment_status":"open","ping_status":"open","sticky":false,"template":"","format":"standard","meta":{"_et_pb_use_builder":"","_et_pb_old_content":"","_et_gb_content_width":"","footnotes":""},"categories":[283],"tags":[],"class_list":["post-5165","post","type-post","status-publish","format-standard","has-post-thumbnail","hentry","category-notas-de-prensa"],"_links":{"self":[{"href":"https:\/\/cgp.org.pe\/web\/wp-json\/wp\/v2\/posts\/5165","targetHints":{"allow":["GET"]}}],"collection":[{"href":"https:\/\/cgp.org.pe\/web\/wp-json\/wp\/v2\/posts"}],"about":[{"href":"https:\/\/cgp.org.pe\/web\/wp-json\/wp\/v2\/types\/post"}],"author":[{"embeddable":true,"href":"https:\/\/cgp.org.pe\/web\/wp-json\/wp\/v2\/users\/2"}],"replies":[{"embeddable":true,"href":"https:\/\/cgp.org.pe\/web\/wp-json\/wp\/v2\/comments?post=5165"}],"version-history":[{"count":2,"href":"https:\/\/cgp.org.pe\/web\/wp-json\/wp\/v2\/posts\/5165\/revisions"}],"predecessor-version":[{"id":5172,"href":"https:\/\/cgp.org.pe\/web\/wp-json\/wp\/v2\/posts\/5165\/revisions\/5172"}],"wp:featuredmedia":[{"embeddable":true,"href":"https:\/\/cgp.org.pe\/web\/wp-json\/wp\/v2\/media\/5166"}],"wp:attachment":[{"href":"https:\/\/cgp.org.pe\/web\/wp-json\/wp\/v2\/media?parent=5165"}],"wp:term":[{"taxonomy":"category","embeddable":true,"href":"https:\/\/cgp.org.pe\/web\/wp-json\/wp\/v2\/categories?post=5165"},{"taxonomy":"post_tag","embeddable":true,"href":"https:\/\/cgp.org.pe\/web\/wp-json\/wp\/v2\/tags?post=5165"}],"curies":[{"name":"wp","href":"https:\/\/api.w.org\/{rel}","templated":true}]}}