{"id":5159,"date":"2025-06-05T23:28:41","date_gmt":"2025-06-06T04:28:41","guid":{"rendered":"https:\/\/cgp.org.pe\/web\/?p=5159"},"modified":"2025-06-06T12:48:11","modified_gmt":"2025-06-06T17:48:11","slug":"dia-mundial-del-medio-ambiente-5-de-junio","status":"publish","type":"post","link":"https:\/\/cgp.org.pe\/web\/dia-mundial-del-medio-ambiente-5-de-junio\/","title":{"rendered":"D\u00cdA MUNDIAL DEL MEDIO AMBIENTE | 5 DE JUNIO"},"content":{"rendered":"<h3 data-start=\"86\" data-end=\"196\">El Colegio de Ge\u00f3grafos del Per\u00fa destaca el rol clave de los ge\u00f3grafos en la protecci\u00f3n del medio ambiente<\/h3>\n<p data-start=\"198\" data-end=\"569\">En el marco del <strong data-start=\"214\" data-end=\"248\">D\u00eda Mundial del Medio Ambiente<\/strong>, el <strong data-start=\"253\" data-end=\"286\">Colegio de Ge\u00f3grafos del Per\u00fa<\/strong> extiende un saludo especial y un profundo reconocimiento a todos los ge\u00f3grafos y ge\u00f3grafas del pa\u00eds, quienes, desde distintas instancias del sector p\u00fablico y privado, trabajan con dedicaci\u00f3n y compromiso por un desarrollo sostenible y una mejor relaci\u00f3n con nuestro entorno natural.<\/p>\n<p data-start=\"571\" data-end=\"913\">\u00a0\u201cLa labor t\u00e9cnica, cient\u00edfica y territorial de los profesionales en Geograf\u00eda es fundamental para enfrentar los grandes desaf\u00edos ambientales que hoy vivimos, como el cambio clim\u00e1tico, la gesti\u00f3n de recursos naturales, la ordenaci\u00f3n del territorio y la conservaci\u00f3n de la biodiversidad\u201d, se\u00f1al\u00f3 la instituci\u00f3n en su pronunciamiento oficial.<\/p>\n<p data-start=\"915\" data-end=\"1300\">En este d\u00eda, el Colegio resalta el rol activo de los ge\u00f3grafos en la planificaci\u00f3n territorial, la prevenci\u00f3n de riesgos naturales, la gesti\u00f3n ambiental y la construcci\u00f3n de pol\u00edticas p\u00fablicas basadas en evidencia. Su conocimiento interdisciplinario permite integrar enfoques sociales, econ\u00f3micos y ambientales para lograr un pa\u00eds m\u00e1s justo, resiliente y equilibrado con la naturaleza.<\/p>\n<p data-start=\"1302\" data-end=\"1523\">El Colegio de Ge\u00f3grafos del Per\u00fa con su Decano Nacional Edwin Lozada Valdez reafirma su compromiso de seguir promoviendo una geograf\u00eda al servicio del bien com\u00fan y de apoyar todas aquellas acciones que impulsen la sostenibilidad y el respeto por el medio ambiente.<\/p>\n","protected":false},"excerpt":{"rendered":"<p>El Colegio de Ge\u00f3grafos del Per\u00fa destaca el rol clave de los ge\u00f3grafos en la protecci\u00f3n del medio ambiente En el marco del D\u00eda Mundial del Medio Ambiente, el Colegio de Ge\u00f3grafos del Per\u00fa extiende un saludo especial y un profundo reconocimiento a todos los ge\u00f3grafos y ge\u00f3grafas del pa\u00eds, quienes, desde distintas instancias del [&hellip;]<\/p>\n","protected":false},"author":2,"featured_media":5162,"comment_status":"open","ping_status":"open","sticky":false,"template":"","format":"standard","meta":{"_et_pb_use_builder":"","_et_pb_old_content":"","_et_gb_content_width":"","footnotes":""},"categories":[283,47],"tags":[240,20],"class_list":["post-5159","post","type-post","status-publish","format-standard","has-post-thumbnail","hentry","category-notas-de-prensa","category-noticias","tag-cgp","tag-medio-ambiente"],"_links":{"self":[{"href":"https:\/\/cgp.org.pe\/web\/wp-json\/wp\/v2\/posts\/5159","targetHints":{"allow":["GET"]}}],"collection":[{"href":"https:\/\/cgp.org.pe\/web\/wp-json\/wp\/v2\/posts"}],"about":[{"href":"https:\/\/cgp.org.pe\/web\/wp-json\/wp\/v2\/types\/post"}],"author":[{"embeddable":true,"href":"https:\/\/cgp.org.pe\/web\/wp-json\/wp\/v2\/users\/2"}],"replies":[{"embeddable":true,"href":"https:\/\/cgp.org.pe\/web\/wp-json\/wp\/v2\/comments?post=5159"}],"version-history":[{"count":3,"href":"https:\/\/cgp.org.pe\/web\/wp-json\/wp\/v2\/posts\/5159\/revisions"}],"predecessor-version":[{"id":5164,"href":"https:\/\/cgp.org.pe\/web\/wp-json\/wp\/v2\/posts\/5159\/revisions\/5164"}],"wp:featuredmedia":[{"embeddable":true,"href":"https:\/\/cgp.org.pe\/web\/wp-json\/wp\/v2\/media\/5162"}],"wp:attachment":[{"href":"https:\/\/cgp.org.pe\/web\/wp-json\/wp\/v2\/media?parent=5159"}],"wp:term":[{"taxonomy":"category","embeddable":true,"href":"https:\/\/cgp.org.pe\/web\/wp-json\/wp\/v2\/categories?post=5159"},{"taxonomy":"post_tag","embeddable":true,"href":"https:\/\/cgp.org.pe\/web\/wp-json\/wp\/v2\/tags?post=5159"}],"curies":[{"name":"wp","href":"https:\/\/api.w.org\/{rel}","templated":true}]}}