{"id":5118,"date":"2025-05-19T10:57:44","date_gmt":"2025-05-19T15:57:44","guid":{"rendered":"https:\/\/cgp.org.pe\/web\/?p=5118"},"modified":"2025-05-19T11:05:11","modified_gmt":"2025-05-19T16:05:11","slug":"colegio-de-geografos-del-peru-participa-en-conferencia-sobre-libertad-de-prensa-y-comunicacion-democratica","status":"publish","type":"post","link":"https:\/\/cgp.org.pe\/web\/colegio-de-geografos-del-peru-participa-en-conferencia-sobre-libertad-de-prensa-y-comunicacion-democratica\/","title":{"rendered":"Colegio de Ge\u00f3grafos del Per\u00fa participa en conferencia sobre libertad de prensa y comunicaci\u00f3n democr\u00e1tica"},"content":{"rendered":"<p data-start=\"278\" data-end=\"713\"><strong data-start=\"278\" data-end=\"300\"><span class=\"_fadeIn_m1hgl_8\">Lima, <\/span><span class=\"_fadeIn_m1hgl_8\">mayo <\/span><span class=\"_fadeIn_m1hgl_8\">de <\/span><span class=\"_fadeIn_m1hgl_8\">2025<\/span><\/strong><span class=\"_fadeIn_m1hgl_8\">.\u2013 <\/span><span class=\"_fadeIn_m1hgl_8\">En <\/span><span class=\"_fadeIn_m1hgl_8\">un <\/span><span class=\"_fadeIn_m1hgl_8\">espacio <\/span><span class=\"_fadeIn_m1hgl_8\">de <\/span><span class=\"_fadeIn_m1hgl_8\">reflexi\u00f3n <\/span><span class=\"_fadeIn_m1hgl_8\">sobre <\/span><span class=\"_fadeIn_m1hgl_8\">los <\/span><span class=\"_fadeIn_m1hgl_8\">valores <\/span><span class=\"_fadeIn_m1hgl_8\">fundamentales <\/span><span class=\"_fadeIn_m1hgl_8\">de <\/span><span class=\"_fadeIn_m1hgl_8\">la <\/span><span class=\"_fadeIn_m1hgl_8\">democracia, <\/span><span class=\"_fadeIn_m1hgl_8\">el <\/span><strong data-start=\"383\" data-end=\"422\"><span class=\"_fadeIn_m1hgl_8\">Colegio <\/span><span class=\"_fadeIn_m1hgl_8\">de <\/span><span class=\"_fadeIn_m1hgl_8\">Ge\u00f3grafos <\/span><span class=\"_fadeIn_m1hgl_8\">del <\/span><span class=\"_fadeIn_m1hgl_8\">Per\u00fa (<\/span><span class=\"_fadeIn_m1hgl_8\">CGP)<\/span><\/strong> <span class=\"_fadeIn_m1hgl_8\">particip\u00f3 <\/span><span class=\"_fadeIn_m1hgl_8\">activamente <\/span><span class=\"_fadeIn_m1hgl_8\">en <\/span><span class=\"_fadeIn_m1hgl_8\">la <\/span><span class=\"_fadeIn_m1hgl_8\">conferencia <\/span><strong data-start=\"463\" data-end=\"534\"><span class=\"_fadeIn_m1hgl_8\">\u00ab<\/span><span class=\"_fadeIn_m1hgl_8\">En <\/span><span class=\"_fadeIn_m1hgl_8\">defensa <\/span><span class=\"_fadeIn_m1hgl_8\">de <\/span><span class=\"_fadeIn_m1hgl_8\">la <\/span><span class=\"_fadeIn_m1hgl_8\">libertad <\/span><span class=\"_fadeIn_m1hgl_8\">de <\/span><span class=\"_fadeIn_m1hgl_8\">prensa <\/span><span class=\"_fadeIn_m1hgl_8\">y <\/span><span class=\"_fadeIn_m1hgl_8\">la <\/span><span class=\"_fadeIn_m1hgl_8\">comunicaci\u00f3n <\/span><span class=\"_fadeIn_m1hgl_8\">democr\u00e1tica\u00bb<\/span><\/strong><span class=\"_fadeIn_m1hgl_8\">, <\/span><span class=\"_fadeIn_m1hgl_8\">organizada <\/span><span class=\"_fadeIn_m1hgl_8\">por <\/span><span class=\"_fadeIn_m1hgl_8\">el <\/span><strong data-start=\"554\" data-end=\"589\"><span class=\"_fadeIn_m1hgl_8\">Colegio <\/span><span class=\"_fadeIn_m1hgl_8\">de <\/span><span class=\"_fadeIn_m1hgl_8\">Periodistas <\/span><span class=\"_fadeIn_m1hgl_8\">del <\/span><span class=\"_fadeIn_m1hgl_8\">Per\u00fa<\/span><\/strong> <span class=\"_fadeIn_m1hgl_8\">con <\/span><span class=\"_fadeIn_m1hgl_8\">motivo <\/span><span class=\"_fadeIn_m1hgl_8\">del <\/span><strong data-start=\"605\" data-end=\"665\"><span class=\"_fadeIn_m1hgl_8\">32\u00b0 <\/span><span class=\"_fadeIn_m1hgl_8\">aniversario <\/span><span class=\"_fadeIn_m1hgl_8\">del <\/span><span class=\"_fadeIn_m1hgl_8\">D\u00eda <\/span><span class=\"_fadeIn_m1hgl_8\">Mundial <\/span><span class=\"_fadeIn_m1hgl_8\">de <\/span><span class=\"_fadeIn_m1hgl_8\">la <\/span><span class=\"_fadeIn_m1hgl_8\">Libertad <\/span><span class=\"_fadeIn_m1hgl_8\">de <\/span><span class=\"_fadeIn_m1hgl_8\">Prensa<\/span><\/strong> <span class=\"_fadeIn_m1hgl_8\">y <\/span><span class=\"_fadeIn_m1hgl_8\">el <\/span><strong data-start=\"671\" data-end=\"712\"><span class=\"_fadeIn_m1hgl_8\">D\u00eda <\/span><span class=\"_fadeIn_m1hgl_8\">Mundial <\/span><span class=\"_fadeIn_m1hgl_8\">de <\/span><span class=\"_fadeIn_m1hgl_8\">las <\/span><span class=\"_fadeIn_m1hgl_8\">Telecomunicaciones<\/span><\/strong><span class=\"_fadeIn_m1hgl_8\">.<\/span><\/p>\n<p data-start=\"715\" data-end=\"986\"><span class=\"_fadeIn_m1hgl_8\">El <\/span><span class=\"_fadeIn_m1hgl_8\">evento <\/span><span class=\"_fadeIn_m1hgl_8\">reuni\u00f3 <\/span><span class=\"_fadeIn_m1hgl_8\">a <\/span><span class=\"_fadeIn_m1hgl_8\">autoridades <\/span><span class=\"_fadeIn_m1hgl_8\">del <\/span><span class=\"_fadeIn_m1hgl_8\">Congreso <\/span><span class=\"_fadeIn_m1hgl_8\">de <\/span><span class=\"_fadeIn_m1hgl_8\">la <\/span><span class=\"_fadeIn_m1hgl_8\">Rep\u00fablica, <\/span><span class=\"_fadeIn_m1hgl_8\">representantes <\/span><span class=\"_fadeIn_m1hgl_8\">de <\/span><span class=\"_fadeIn_m1hgl_8\">ministerios, <\/span><span class=\"_fadeIn_m1hgl_8\">periodistas <\/span><span class=\"_fadeIn_m1hgl_8\">y <\/span><span class=\"_fadeIn_m1hgl_8\">especialistas <\/span><span class=\"_fadeIn_m1hgl_8\">en <\/span><span class=\"_fadeIn_m1hgl_8\">comunicaci\u00f3n, <\/span><span class=\"_fadeIn_m1hgl_8\">quienes <\/span><span class=\"_fadeIn_m1hgl_8\">debatieron <\/span><span class=\"_fadeIn_m1hgl_8\">sobre <\/span><span class=\"_fadeIn_m1hgl_8\">el <\/span><span class=\"_fadeIn_m1hgl_8\">papel <\/span><span class=\"_fadeIn_m1hgl_8\">esencial <\/span><span class=\"_fadeIn_m1hgl_8\">de <\/span><span class=\"_fadeIn_m1hgl_8\">la <\/span><span class=\"_fadeIn_m1hgl_8\">prensa <\/span><span class=\"_fadeIn_m1hgl_8\">y <\/span><span class=\"_fadeIn_m1hgl_8\">la <\/span><span class=\"_fadeIn_m1hgl_8\">comunicaci\u00f3n <\/span><span class=\"_fadeIn_m1hgl_8\">en <\/span><span class=\"_fadeIn_m1hgl_8\">la <\/span><span class=\"_fadeIn_m1hgl_8\">consolidaci\u00f3n <\/span><span class=\"_fadeIn_m1hgl_8\">de <\/span><span class=\"_fadeIn_m1hgl_8\">una <\/span><span class=\"_fadeIn_m1hgl_8\">democracia <\/span><span class=\"_fadeIn_m1hgl_8\">s\u00f3lida <\/span><span class=\"_fadeIn_m1hgl_8\">y <\/span><span class=\"_fadeIn_m1hgl_8\">transparente.<\/span><\/p>\n<p data-start=\"988\" data-end=\"1412\"><span class=\"_fadeIn_m1hgl_8\">Durante <\/span><span class=\"_fadeIn_m1hgl_8\">la <\/span><span class=\"_fadeIn_m1hgl_8\">jornada, <\/span><span class=\"_fadeIn_m1hgl_8\">destac\u00f3 <\/span><span class=\"_fadeIn_m1hgl_8\">la <\/span><span class=\"_fadeIn_m1hgl_8\">presencia <\/span><span class=\"_fadeIn_m1hgl_8\">del <\/span><strong data-start=\"1033\" data-end=\"1116\"><span class=\"_fadeIn_m1hgl_8\">decano <\/span><span class=\"_fadeIn_m1hgl_8\">nacional <\/span><span class=\"_fadeIn_m1hgl_8\">del <\/span><span class=\"_fadeIn_m1hgl_8\">Colegio <\/span><span class=\"_fadeIn_m1hgl_8\">de <\/span><span class=\"_fadeIn_m1hgl_8\">Ge\u00f3grafos <\/span><span class=\"_fadeIn_m1hgl_8\">del <\/span><span class=\"_fadeIn_m1hgl_8\">Per\u00fa, <\/span><span class=\"_fadeIn_m1hgl_8\">ge\u00f3grafo <\/span><span class=\"_fadeIn_m1hgl_8\">Edwin <\/span><span class=\"_fadeIn_m1hgl_8\">Lozada <\/span><span class=\"_fadeIn_m1hgl_8\">Valdez<\/span><\/strong><span class=\"_fadeIn_m1hgl_8\">, <\/span><span class=\"_fadeIn_m1hgl_8\">y <\/span><span class=\"_fadeIn_m1hgl_8\">del <\/span><strong data-start=\"1124\" data-end=\"1198\"><span class=\"_fadeIn_m1hgl_8\">fiscal <\/span><span class=\"_fadeIn_m1hgl_8\">de <\/span><span class=\"_fadeIn_m1hgl_8\">la <\/span><span class=\"_fadeIn_m1hgl_8\">orden <\/span><span class=\"_fadeIn_m1hgl_8\">profesional, <\/span><span class=\"_fadeIn_m1hgl_8\">ge\u00f3grafo <\/span><span class=\"_fadeIn_m1hgl_8\">\u00d3scar <\/span><span class=\"_fadeIn_m1hgl_8\">Enrique <\/span><span class=\"_fadeIn_m1hgl_8\">Guzm\u00e1n <\/span><span class=\"_fadeIn_m1hgl_8\">Charcape<\/span><\/strong><span class=\"_fadeIn_m1hgl_8\">, <\/span><span class=\"_fadeIn_m1hgl_8\">quienes <\/span><span class=\"_fadeIn_m1hgl_8\">participaron <\/span><span class=\"_fadeIn_m1hgl_8\">como <\/span><span class=\"_fadeIn_m1hgl_8\">representantes <\/span><span class=\"_fadeIn_m1hgl_8\">institucionales <\/span><span class=\"_fadeIn_m1hgl_8\">del <\/span><span class=\"_fadeIn_m1hgl_8\">CGP, <\/span><span class=\"_fadeIn_m1hgl_8\">reafirmando <\/span><span class=\"_fadeIn_m1hgl_8\">el <\/span><span class=\"_fadeIn_m1hgl_8\">compromiso <\/span><span class=\"_fadeIn_m1hgl_8\">de <\/span><span class=\"_fadeIn_m1hgl_8\">la <\/span><span class=\"_fadeIn_m1hgl_8\">geograf\u00eda <\/span><span class=\"_fadeIn_m1hgl_8\">con <\/span><span class=\"_fadeIn_m1hgl_8\">la <\/span><span class=\"_fadeIn_m1hgl_8\">construcci\u00f3n <\/span><span class=\"_fadeIn_m1hgl_8\">de <\/span><span class=\"_fadeIn_m1hgl_8\">una <\/span><span class=\"_fadeIn_m1hgl_8\">sociedad <\/span><span class=\"_fadeIn_m1hgl_8\">informada, <\/span><span class=\"_fadeIn_m1hgl_8\">participativa <\/span><span class=\"_fadeIn_m1hgl_8\">y <\/span><span class=\"_fadeIn_m1hgl_8\">respetuosa <\/span><span class=\"_fadeIn_m1hgl_8\">de <\/span><span class=\"_fadeIn_m1hgl_8\">los <\/span><span class=\"_fadeIn_m1hgl_8\">derechos <\/span><span class=\"_fadeIn_m1hgl_8\">fundamentales.<\/span><\/p>\n<p data-start=\"1414\" data-end=\"1680\"><span class=\"_fadeIn_m1hgl_8\">La <\/span><span class=\"_fadeIn_m1hgl_8\">presencia <\/span><span class=\"_fadeIn_m1hgl_8\">del <\/span><span class=\"_fadeIn_m1hgl_8\">Colegio <\/span><span class=\"_fadeIn_m1hgl_8\">de <\/span><span class=\"_fadeIn_m1hgl_8\">Ge\u00f3grafos <\/span><span class=\"_fadeIn_m1hgl_8\">del <\/span><span class=\"_fadeIn_m1hgl_8\">Per\u00fa <\/span><span class=\"_fadeIn_m1hgl_8\">en <\/span><span class=\"_fadeIn_m1hgl_8\">este <\/span><span class=\"_fadeIn_m1hgl_8\">importante <\/span><span class=\"_fadeIn_m1hgl_8\">encuentro <\/span><span class=\"_fadeIn_m1hgl_8\">refleja <\/span><span class=\"_fadeIn_m1hgl_8\">su <\/span><span class=\"_fadeIn_m1hgl_8\">rol <\/span><span class=\"_fadeIn_m1hgl_8\">activo <\/span><span class=\"_fadeIn_m1hgl_8\">en <\/span><span class=\"_fadeIn_m1hgl_8\">espacios <\/span><span class=\"_fadeIn_m1hgl_8\">de <\/span><span class=\"_fadeIn_m1hgl_8\">di\u00e1logo <\/span><span class=\"_fadeIn_m1hgl_8\">interinstitucional <\/span><span class=\"_fadeIn_m1hgl_8\">y <\/span><span class=\"_fadeIn_m1hgl_8\">su <\/span><span class=\"_fadeIn_m1hgl_8\">inter\u00e9s <\/span><span class=\"_fadeIn_m1hgl_8\">en <\/span><span class=\"_fadeIn_m1hgl_8\">contribuir <\/span><span class=\"_fadeIn_m1hgl_8\">a <\/span><span class=\"_fadeIn_m1hgl_8\">una <\/span><span class=\"_fadeIn_m1hgl_8\">comunicaci\u00f3n <\/span><span class=\"_fadeIn_m1hgl_8\">democr\u00e1tica <\/span><span class=\"_fadeIn_m1hgl_8\">sustentada <\/span><span class=\"_fadeIn_m1hgl_8\">en <\/span><span class=\"_fadeIn_m1hgl_8\">el <\/span><span class=\"_fadeIn_m1hgl_8\">conocimiento <\/span><span class=\"_fadeIn_m1hgl_8\">del <\/span><span class=\"_fadeIn_m1hgl_8\">territorio <\/span><span class=\"_fadeIn_m1hgl_8\">y <\/span><span class=\"_fadeIn_m1hgl_8\">la <\/span><span class=\"_fadeIn_m1hgl_8\">realidad <\/span><span class=\"_fadeIn_m1hgl_8\">nacional.<\/span><\/p>\n<p data-start=\"1414\" data-end=\"1680\">Galeria de fotos: <a href=\"https:\/\/shorturl.at\/uESEx\">https:\/\/shorturl.at\/uESEx<\/a><\/p>\n<p data-start=\"1414\" data-end=\"1680\">\n","protected":false},"excerpt":{"rendered":"<p>Lima, mayo de 2025.\u2013 En un espacio de reflexi\u00f3n sobre los valores fundamentales de la democracia, el Colegio de Ge\u00f3grafos del Per\u00fa (CGP) particip\u00f3 activamente en la conferencia \u00abEn defensa de la libertad de prensa y la comunicaci\u00f3n democr\u00e1tica\u00bb, organizada por el Colegio de Periodistas del Per\u00fa con motivo del 32\u00b0 aniversario del D\u00eda Mundial [&hellip;]<\/p>\n","protected":false},"author":2,"featured_media":5119,"comment_status":"open","ping_status":"open","sticky":false,"template":"","format":"standard","meta":{"_et_pb_use_builder":"","_et_pb_old_content":"","_et_gb_content_width":"","footnotes":""},"categories":[283,47],"tags":[240,293,294],"class_list":["post-5118","post","type-post","status-publish","format-standard","has-post-thumbnail","hentry","category-notas-de-prensa","category-noticias","tag-cgp","tag-colegio-de-periodistas","tag-libertad-de-prensa"],"_links":{"self":[{"href":"https:\/\/cgp.org.pe\/web\/wp-json\/wp\/v2\/posts\/5118","targetHints":{"allow":["GET"]}}],"collection":[{"href":"https:\/\/cgp.org.pe\/web\/wp-json\/wp\/v2\/posts"}],"about":[{"href":"https:\/\/cgp.org.pe\/web\/wp-json\/wp\/v2\/types\/post"}],"author":[{"embeddable":true,"href":"https:\/\/cgp.org.pe\/web\/wp-json\/wp\/v2\/users\/2"}],"replies":[{"embeddable":true,"href":"https:\/\/cgp.org.pe\/web\/wp-json\/wp\/v2\/comments?post=5118"}],"version-history":[{"count":2,"href":"https:\/\/cgp.org.pe\/web\/wp-json\/wp\/v2\/posts\/5118\/revisions"}],"predecessor-version":[{"id":5122,"href":"https:\/\/cgp.org.pe\/web\/wp-json\/wp\/v2\/posts\/5118\/revisions\/5122"}],"wp:featuredmedia":[{"embeddable":true,"href":"https:\/\/cgp.org.pe\/web\/wp-json\/wp\/v2\/media\/5119"}],"wp:attachment":[{"href":"https:\/\/cgp.org.pe\/web\/wp-json\/wp\/v2\/media?parent=5118"}],"wp:term":[{"taxonomy":"category","embeddable":true,"href":"https:\/\/cgp.org.pe\/web\/wp-json\/wp\/v2\/categories?post=5118"},{"taxonomy":"post_tag","embeddable":true,"href":"https:\/\/cgp.org.pe\/web\/wp-json\/wp\/v2\/tags?post=5118"}],"curies":[{"name":"wp","href":"https:\/\/api.w.org\/{rel}","templated":true}]}}