{"id":5092,"date":"2025-05-12T11:51:50","date_gmt":"2025-05-12T16:51:50","guid":{"rendered":"https:\/\/cgp.org.pe\/web\/?p=5092"},"modified":"2025-05-12T11:51:50","modified_gmt":"2025-05-12T16:51:50","slug":"el-colegio-de-geografos-del-peru-saluda-a-la-universidad-nacional-mayor-de-san-marcos-por-su-474-aniversario","status":"publish","type":"post","link":"https:\/\/cgp.org.pe\/web\/el-colegio-de-geografos-del-peru-saluda-a-la-universidad-nacional-mayor-de-san-marcos-por-su-474-aniversario\/","title":{"rendered":"El Colegio de Ge\u00f3grafos del Per\u00fa saluda a la Universidad Nacional Mayor de San Marcos por su 474\u00b0 aniversario"},"content":{"rendered":"<p class=\"\" data-start=\"375\" data-end=\"790\">Con motivo del <strong data-start=\"422\" data-end=\"510\">474\u00b0 aniversario de fundaci\u00f3n de la Universidad Nacional Mayor de San Marcos (UNMSM)<\/strong>, el <strong data-start=\"515\" data-end=\"560\">Colegio de Ge\u00f3grafos del Per\u00fa (CGP)<\/strong> expresa su m\u00e1s c\u00e1lido saludo institucional y reconocimiento a la Decana de Am\u00e9rica por su invaluable contribuci\u00f3n a la educaci\u00f3n superior, la investigaci\u00f3n y la formaci\u00f3n de profesionales comprometidos con el desarrollo del pa\u00eds.<\/p>\n<p class=\"\" data-start=\"792\" data-end=\"1346\">La Universidad Nacional Mayor de San Marcos no solo ostenta el t\u00edtulo de la primera universidad del Per\u00fa y de Am\u00e9rica, sino que ha sido tambi\u00e9n <strong data-start=\"936\" data-end=\"979\">pionera en la ense\u00f1anza de la Geograf\u00eda<\/strong>, al ser la primera instituci\u00f3n en ofrecer la carrera profesional de Geograf\u00eda desde el a\u00f1o <strong data-start=\"1071\" data-end=\"1079\">1947<\/strong>. Desde entonces, su legado acad\u00e9mico ha formado a generaciones de ge\u00f3grafos y ge\u00f3grafas que han contribuido significativamente a la planificaci\u00f3n territorial, la gesti\u00f3n ambiental, la investigaci\u00f3n cient\u00edfica y la construcci\u00f3n de un Per\u00fa m\u00e1s equitativo y sostenible.<\/p>\n<p class=\"\" data-start=\"1348\" data-end=\"1694\">\u201cEl aporte de San Marcos a nuestra disciplina ha sido fundamental. Muchos de nuestros colegiados y referentes en el \u00e1mbito geogr\u00e1fico provienen de esta hist\u00f3rica casa de estudios. Su compromiso con la excelencia acad\u00e9mica y el pensamiento cr\u00edtico sigue inspirando a nuevas generaciones\u201d, se\u00f1al\u00f3 el Decano del Colegio de Ge\u00f3grafos del Per\u00fa, Edwin Lozada Valdez<\/p>\n<p class=\"\" data-start=\"1696\" data-end=\"1954\">El CCP reafirma su compromiso con la promoci\u00f3n de la ciencia geogr\u00e1fica en el pa\u00eds y se une a las celebraciones de esta importante fecha, reconociendo en San Marcos a una aliada hist\u00f3rica en la construcci\u00f3n del conocimiento y la defensa del territorio.<\/p>\n<p class=\"\" data-start=\"1956\" data-end=\"2026\"><strong data-start=\"1956\" data-end=\"2026\">\u00a1Feliz 474\u00b0 aniversario, Universidad Nacional Mayor de San Marcos!<\/strong><\/p>\n","protected":false},"excerpt":{"rendered":"<p>Con motivo del 474\u00b0 aniversario de fundaci\u00f3n de la Universidad Nacional Mayor de San Marcos (UNMSM), el Colegio de Ge\u00f3grafos del Per\u00fa (CGP) expresa su m\u00e1s c\u00e1lido saludo institucional y reconocimiento a la Decana de Am\u00e9rica por su invaluable contribuci\u00f3n a la educaci\u00f3n superior, la investigaci\u00f3n y la formaci\u00f3n de profesionales comprometidos con el desarrollo [&hellip;]<\/p>\n","protected":false},"author":2,"featured_media":5093,"comment_status":"open","ping_status":"open","sticky":false,"template":"","format":"standard","meta":{"_et_pb_use_builder":"","_et_pb_old_content":"","_et_gb_content_width":"","footnotes":""},"categories":[283,47],"tags":[],"class_list":["post-5092","post","type-post","status-publish","format-standard","has-post-thumbnail","hentry","category-notas-de-prensa","category-noticias"],"_links":{"self":[{"href":"https:\/\/cgp.org.pe\/web\/wp-json\/wp\/v2\/posts\/5092","targetHints":{"allow":["GET"]}}],"collection":[{"href":"https:\/\/cgp.org.pe\/web\/wp-json\/wp\/v2\/posts"}],"about":[{"href":"https:\/\/cgp.org.pe\/web\/wp-json\/wp\/v2\/types\/post"}],"author":[{"embeddable":true,"href":"https:\/\/cgp.org.pe\/web\/wp-json\/wp\/v2\/users\/2"}],"replies":[{"embeddable":true,"href":"https:\/\/cgp.org.pe\/web\/wp-json\/wp\/v2\/comments?post=5092"}],"version-history":[{"count":2,"href":"https:\/\/cgp.org.pe\/web\/wp-json\/wp\/v2\/posts\/5092\/revisions"}],"predecessor-version":[{"id":5096,"href":"https:\/\/cgp.org.pe\/web\/wp-json\/wp\/v2\/posts\/5092\/revisions\/5096"}],"wp:featuredmedia":[{"embeddable":true,"href":"https:\/\/cgp.org.pe\/web\/wp-json\/wp\/v2\/media\/5093"}],"wp:attachment":[{"href":"https:\/\/cgp.org.pe\/web\/wp-json\/wp\/v2\/media?parent=5092"}],"wp:term":[{"taxonomy":"category","embeddable":true,"href":"https:\/\/cgp.org.pe\/web\/wp-json\/wp\/v2\/categories?post=5092"},{"taxonomy":"post_tag","embeddable":true,"href":"https:\/\/cgp.org.pe\/web\/wp-json\/wp\/v2\/tags?post=5092"}],"curies":[{"name":"wp","href":"https:\/\/api.w.org\/{rel}","templated":true}]}}