{"id":5076,"date":"2025-04-29T12:20:11","date_gmt":"2025-04-29T17:20:11","guid":{"rendered":"https:\/\/cgp.org.pe\/web\/?p=5076"},"modified":"2025-04-29T12:46:06","modified_gmt":"2025-04-29T17:46:06","slug":"colegio-de-geografos-del-peru-celebra-su-xix-aniversario","status":"publish","type":"post","link":"https:\/\/cgp.org.pe\/web\/colegio-de-geografos-del-peru-celebra-su-xix-aniversario\/","title":{"rendered":"COLEGIO DE GE\u00d3GRAFOS DEL PER\u00da CELEBRA SU \u00b019 ANIVERSARIO"},"content":{"rendered":"<p class=\"\" data-start=\"261\" data-end=\"654\">En conmemoraci\u00f3n de su XIX aniversario institucional, el Colegio de Ge\u00f3grafos del Per\u00fa (CGP) realiz\u00f3 una jornada especial este 26 de abril por su aniversario en el distrito de Miraflores. El evento reuni\u00f3 a destacados profesionales del \u00e1mbito geogr\u00e1fico nacional en un programa que combin\u00f3 actividades acad\u00e9micas, institucionales y culturales.<\/p>\n<p class=\"\" data-start=\"656\" data-end=\"986\">La ceremonia inici\u00f3 a las 14:30 horas con el registro de asistentes, seguido por las palabras de bienvenida a cargo de la moderadora Susana Guti\u00e9rrez. Posteriormente, el Decano del CGP, <strong data-start=\"842\" data-end=\"865\">Edwin Lozada Valdez<\/strong>, brind\u00f3 el <strong data-start=\"877\" data-end=\"901\">Discurso de Apertura<\/strong>, resaltando los logros alcanzados por la orden profesional durante los \u00faltimos a\u00f1os.<\/p>\n<p class=\"\" data-start=\"988\" data-end=\"1326\">Uno de los momentos m\u00e1s significativos fue la <strong data-start=\"1034\" data-end=\"1078\">presentaci\u00f3n de testimonios de ge\u00f3grafos<\/strong> y el video institucional, que reflejaron el impacto del trabajo geogr\u00e1fico en el desarrollo del pa\u00eds. A las 15:30 horas, el Decano present\u00f3 la <strong data-start=\"1222\" data-end=\"1256\">rese\u00f1a de la gesti\u00f3n 2024\u20132025<\/strong>, destacando las l\u00edneas estrat\u00e9gicas y metas para el presente periodo.<\/p>\n<p class=\"\" data-start=\"1328\" data-end=\"1518\">El evento tambi\u00e9n incluy\u00f3 una <strong data-start=\"1358\" data-end=\"1383\">Conferencia Magistral<\/strong> a cargo del reconocido ge\u00f3grafo <strong data-start=\"1416\" data-end=\"1445\">Dr. Alberto Garc\u00eda Rivero<\/strong>, quien abord\u00f3 temas clave del quehacer geogr\u00e1fico en el contexto actual. Tras un breve receso, la jornada continu\u00f3 con un homenaje a ge\u00f3grafos fallecidos, seguido por la <strong data-start=\"1617\" data-end=\"1655\">juramentaci\u00f3n de nuevos colegiados<\/strong>, reafirmando el compromiso del CGP con el fortalecimiento de la profesi\u00f3n.<\/p>\n<p class=\"\" data-start=\"1732\" data-end=\"1907\">La celebraci\u00f3n culmin\u00f3 con un brindis de honor y una presentaci\u00f3n de <strong data-start=\"1801\" data-end=\"1821\">danza folcl\u00f3rica<\/strong>, en un ambiente de camarader\u00eda y reconocimiento a la labor de los ge\u00f3grafos del Per\u00fa. Con este aniversario, el Colegio de Ge\u00f3grafos del Per\u00fa reafirma su compromiso con la promoci\u00f3n, defensa y valorizaci\u00f3n de la geograf\u00eda como ciencia fundamental para el desarrollo sostenible del pa\u00eds.<\/p>\n<p data-start=\"1732\" data-end=\"1907\">\n","protected":false},"excerpt":{"rendered":"<p>En conmemoraci\u00f3n de su XIX aniversario institucional, el Colegio de Ge\u00f3grafos del Per\u00fa (CGP) realiz\u00f3 una jornada especial este 26 de abril por su aniversario en el distrito de Miraflores. El evento reuni\u00f3 a destacados profesionales del \u00e1mbito geogr\u00e1fico nacional en un programa que combin\u00f3 actividades acad\u00e9micas, institucionales y culturales. La ceremonia inici\u00f3 a las [&hellip;]<\/p>\n","protected":false},"author":2,"featured_media":5080,"comment_status":"open","ping_status":"open","sticky":false,"template":"","format":"standard","meta":{"_et_pb_use_builder":"","_et_pb_old_content":"","_et_gb_content_width":"","footnotes":""},"categories":[283,47],"tags":[290,292,149,240,236,288,291,289],"class_list":["post-5076","post","type-post","status-publish","format-standard","has-post-thumbnail","hentry","category-notas-de-prensa","category-noticias","tag-290","tag-292","tag-aniversario","tag-cgp","tag-colegiados","tag-colegio-de-geografos","tag-geografos","tag-xix"],"_links":{"self":[{"href":"https:\/\/cgp.org.pe\/web\/wp-json\/wp\/v2\/posts\/5076","targetHints":{"allow":["GET"]}}],"collection":[{"href":"https:\/\/cgp.org.pe\/web\/wp-json\/wp\/v2\/posts"}],"about":[{"href":"https:\/\/cgp.org.pe\/web\/wp-json\/wp\/v2\/types\/post"}],"author":[{"embeddable":true,"href":"https:\/\/cgp.org.pe\/web\/wp-json\/wp\/v2\/users\/2"}],"replies":[{"embeddable":true,"href":"https:\/\/cgp.org.pe\/web\/wp-json\/wp\/v2\/comments?post=5076"}],"version-history":[{"count":3,"href":"https:\/\/cgp.org.pe\/web\/wp-json\/wp\/v2\/posts\/5076\/revisions"}],"predecessor-version":[{"id":5082,"href":"https:\/\/cgp.org.pe\/web\/wp-json\/wp\/v2\/posts\/5076\/revisions\/5082"}],"wp:featuredmedia":[{"embeddable":true,"href":"https:\/\/cgp.org.pe\/web\/wp-json\/wp\/v2\/media\/5080"}],"wp:attachment":[{"href":"https:\/\/cgp.org.pe\/web\/wp-json\/wp\/v2\/media?parent=5076"}],"wp:term":[{"taxonomy":"category","embeddable":true,"href":"https:\/\/cgp.org.pe\/web\/wp-json\/wp\/v2\/categories?post=5076"},{"taxonomy":"post_tag","embeddable":true,"href":"https:\/\/cgp.org.pe\/web\/wp-json\/wp\/v2\/tags?post=5076"}],"curies":[{"name":"wp","href":"https:\/\/api.w.org\/{rel}","templated":true}]}}