{"id":5066,"date":"2025-04-14T10:52:26","date_gmt":"2025-04-14T15:52:26","guid":{"rendered":"https:\/\/cgp.org.pe\/web\/?p=5066"},"modified":"2025-04-14T10:52:26","modified_gmt":"2025-04-14T15:52:26","slug":"el-colegio-de-geografos-del-peru-lamenta-el-fallecimiento-de-mario-vargas-llosa","status":"publish","type":"post","link":"https:\/\/cgp.org.pe\/web\/el-colegio-de-geografos-del-peru-lamenta-el-fallecimiento-de-mario-vargas-llosa\/","title":{"rendered":"El Colegio de Ge\u00f3grafos del Per\u00fa lamenta el fallecimiento de Mario Vargas Llosa"},"content":{"rendered":"<p class=\"\" data-start=\"200\" data-end=\"410\">El Colegio de Ge\u00f3grafos del Per\u00fa expresa su profundo pesar por el fallecimiento de Mario Vargas Llosa, destacado escritor e intelectual peruano, y \u00fanico compatriota reconocido con el Premio Nobel de Literatura.<\/p>\n<p class=\"\" data-start=\"412\" data-end=\"664\">Vargas Llosa, orgulloso sanmarquino, fue un referente indiscutible de las letras hispanoamericanas. Su vasta obra literaria y su compromiso con el pensamiento cr\u00edtico llevaron el nombre del Per\u00fa a los m\u00e1s altos niveles de la lengua espa\u00f1ola y francesa.<\/p>\n<p class=\"\" data-start=\"666\" data-end=\"824\">Desde nuestra instituci\u00f3n, reconocemos el invaluable legado que deja a la cultura universal, as\u00ed como el orgullo que represent\u00f3 para generaciones de peruanos.<\/p>\n<p class=\"\" data-start=\"826\" data-end=\"990\">Nos unimos al duelo nacional y extendemos nuestras condolencias a su familia, amigos y a todo el pueblo peruano que hoy despide a uno de sus m\u00e1s grandes exponentes.<\/p>\n<p data-start=\"826\" data-end=\"990\">Mario Vargas Llosa, quien dijo una vez: \u201cLa literatura me salv\u00f3 la vida. No exagero. De ni\u00f1o, viv\u00eda encerrado en un mundo que muchas veces me parec\u00eda hostil, lleno de reglas, de silencios forzados, de miedos. Pero en los libros encontr\u00e9 una puerta secreta. All\u00ed, las palabras constru\u00edan mundos donde yo pod\u00eda respirar, donde todo era posible. Escribir fue, desde muy pronto, una forma de afirmarme, de existir sin pedir permiso. La ficci\u00f3n me dio el poder de transformar la realidad, no con fuerza, sino con imaginaci\u00f3n. Y aprend\u00ed que un pa\u00eds sin historias, sin lectores, sin escritores, es un pa\u00eds condenado al olvido.\u201d<\/p>\n<p data-start=\"826\" data-end=\"990\"><a href=\"http:\/\/cgp.org.pe\/web\/wp-content\/uploads\/2025\/04\/FLYER-12.jpg\"><img loading=\"lazy\" decoding=\"async\" class=\"alignnone size-medium wp-image-5068 lazyload\" data-src=\"http:\/\/cgp.org.pe\/web\/wp-content\/uploads\/2025\/04\/FLYER-12-300x300.jpg\" alt=\"\" width=\"300\" height=\"300\" src=\"data:image\/gif;base64,R0lGODlhAQABAAAAACH5BAEKAAEALAAAAAABAAEAAAICTAEAOw==\" style=\"--smush-placeholder-width: 300px; --smush-placeholder-aspect-ratio: 300\/300;\" \/><noscript><img loading=\"lazy\" decoding=\"async\" class=\"alignnone size-medium wp-image-5068\" src=\"http:\/\/cgp.org.pe\/web\/wp-content\/uploads\/2025\/04\/FLYER-12-300x300.jpg\" alt=\"\" width=\"300\" height=\"300\" \/><\/noscript><\/a><\/p>\n","protected":false},"excerpt":{"rendered":"<p>El Colegio de Ge\u00f3grafos del Per\u00fa expresa su profundo pesar por el fallecimiento de Mario Vargas Llosa, destacado escritor e intelectual peruano, y \u00fanico compatriota reconocido con el Premio Nobel de Literatura. Vargas Llosa, orgulloso sanmarquino, fue un referente indiscutible de las letras hispanoamericanas. Su vasta obra literaria y su compromiso con el pensamiento cr\u00edtico [&hellip;]<\/p>\n","protected":false},"author":2,"featured_media":5067,"comment_status":"open","ping_status":"open","sticky":false,"template":"","format":"standard","meta":{"_et_pb_use_builder":"","_et_pb_old_content":"","_et_gb_content_width":"","footnotes":""},"categories":[283,47],"tags":[],"class_list":["post-5066","post","type-post","status-publish","format-standard","has-post-thumbnail","hentry","category-notas-de-prensa","category-noticias"],"_links":{"self":[{"href":"https:\/\/cgp.org.pe\/web\/wp-json\/wp\/v2\/posts\/5066","targetHints":{"allow":["GET"]}}],"collection":[{"href":"https:\/\/cgp.org.pe\/web\/wp-json\/wp\/v2\/posts"}],"about":[{"href":"https:\/\/cgp.org.pe\/web\/wp-json\/wp\/v2\/types\/post"}],"author":[{"embeddable":true,"href":"https:\/\/cgp.org.pe\/web\/wp-json\/wp\/v2\/users\/2"}],"replies":[{"embeddable":true,"href":"https:\/\/cgp.org.pe\/web\/wp-json\/wp\/v2\/comments?post=5066"}],"version-history":[{"count":1,"href":"https:\/\/cgp.org.pe\/web\/wp-json\/wp\/v2\/posts\/5066\/revisions"}],"predecessor-version":[{"id":5069,"href":"https:\/\/cgp.org.pe\/web\/wp-json\/wp\/v2\/posts\/5066\/revisions\/5069"}],"wp:featuredmedia":[{"embeddable":true,"href":"https:\/\/cgp.org.pe\/web\/wp-json\/wp\/v2\/media\/5067"}],"wp:attachment":[{"href":"https:\/\/cgp.org.pe\/web\/wp-json\/wp\/v2\/media?parent=5066"}],"wp:term":[{"taxonomy":"category","embeddable":true,"href":"https:\/\/cgp.org.pe\/web\/wp-json\/wp\/v2\/categories?post=5066"},{"taxonomy":"post_tag","embeddable":true,"href":"https:\/\/cgp.org.pe\/web\/wp-json\/wp\/v2\/tags?post=5066"}],"curies":[{"name":"wp","href":"https:\/\/api.w.org\/{rel}","templated":true}]}}