{"id":5016,"date":"2025-04-01T18:54:39","date_gmt":"2025-04-01T23:54:39","guid":{"rendered":"https:\/\/cgp.org.pe\/web\/?p=5016"},"modified":"2025-04-01T19:04:54","modified_gmt":"2025-04-02T00:04:54","slug":"el-colegio-de-geografos-del-peru-participo-en-la-comision-especial-del-proyecto-terminal-chancay","status":"publish","type":"post","link":"https:\/\/cgp.org.pe\/web\/el-colegio-de-geografos-del-peru-participo-en-la-comision-especial-del-proyecto-terminal-chancay\/","title":{"rendered":"El Colegio de Ge\u00f3grafos del Per\u00fa particip\u00f3 en la Comisi\u00f3n Especial del Proyecto Terminal Chancay"},"content":{"rendered":"<p>Lima, 31 de marzo de 2025.- El Colegio de Ge\u00f3grafos del Per\u00fa reafirm\u00f3 su compromiso con el desarrollo territorial sostenible al participar en la Comisi\u00f3n Especial del Proyecto Terminal Chancay que se desarollo en el Congreso de la Rep\u00fablica. Este encuentro, de gran relevancia para la infraestructura y log\u00edstica del pa\u00eds, cont\u00f3 con la representaci\u00f3n del Decano del Colegio, <strong>Edwin Lozada Valdez<\/strong>, quien expuso sobre los impactos territoriales y ambientales de esta megaobra.<\/p>\n<p>Durante la sesi\u00f3n, se abordaron temas clave relacionados con la planificaci\u00f3n territorial, la sostenibilidad del proyecto y su impacto en el dinamismo econ\u00f3mico y social de la regi\u00f3n. El Decano destac\u00f3 la importancia de una gesti\u00f3n geogr\u00e1fica integral para garantizar un desarrollo equilibrado y minimizar posibles afectaciones al entorno.<\/p>\n<p>Chancay representa un hito en la modernizaci\u00f3n de la infraestructura de la ciudad en el Per\u00fa, con el potencial de convertir al pa\u00eds en un hub log\u00edstico clave en la regi\u00f3n Asia-Pac\u00edfico. En este contexto, la participaci\u00f3n del Colegio de Ge\u00f3grafos del Per\u00fa refuerza su papel en el an\u00e1lisis y acompa\u00f1amiento de proyectos estrat\u00e9gicos para el desarrollo sostenible.<\/p>\n<p>El Colegio de Ge\u00f3grafos del Per\u00fa continuar\u00e1 contribuyendo con el conocimiento especializado en la gesti\u00f3n territorial y ambiental, promoviendo el uso de herramientas geogr\u00e1ficas para una mejor planificaci\u00f3n del territorio nacional.<\/p>\n<p><a href=\"http:\/\/cgp.org.pe\/web\/wp-content\/uploads\/2025\/04\/IMG_5008-scaled.jpg\"><img loading=\"lazy\" decoding=\"async\" class=\"alignnone size-medium wp-image-5018 lazyload\" data-src=\"http:\/\/cgp.org.pe\/web\/wp-content\/uploads\/2025\/04\/IMG_5008-300x200.jpg\" alt=\"\" width=\"300\" height=\"200\" src=\"data:image\/gif;base64,R0lGODlhAQABAAAAACH5BAEKAAEALAAAAAABAAEAAAICTAEAOw==\" style=\"--smush-placeholder-width: 300px; --smush-placeholder-aspect-ratio: 300\/200;\" \/><noscript><img loading=\"lazy\" decoding=\"async\" class=\"alignnone size-medium wp-image-5018\" src=\"http:\/\/cgp.org.pe\/web\/wp-content\/uploads\/2025\/04\/IMG_5008-300x200.jpg\" alt=\"\" width=\"300\" height=\"200\" \/><\/noscript><\/a> <a href=\"http:\/\/cgp.org.pe\/web\/wp-content\/uploads\/2025\/04\/IMG_5022-scaled.jpg\"><img loading=\"lazy\" decoding=\"async\" class=\"alignnone size-medium wp-image-5019 lazyload\" data-src=\"http:\/\/cgp.org.pe\/web\/wp-content\/uploads\/2025\/04\/IMG_5022-300x200.jpg\" alt=\"\" width=\"300\" height=\"200\" src=\"data:image\/gif;base64,R0lGODlhAQABAAAAACH5BAEKAAEALAAAAAABAAEAAAICTAEAOw==\" style=\"--smush-placeholder-width: 300px; --smush-placeholder-aspect-ratio: 300\/200;\" \/><noscript><img loading=\"lazy\" decoding=\"async\" class=\"alignnone size-medium wp-image-5019\" src=\"http:\/\/cgp.org.pe\/web\/wp-content\/uploads\/2025\/04\/IMG_5022-300x200.jpg\" alt=\"\" width=\"300\" height=\"200\" \/><\/noscript><\/a> <a href=\"http:\/\/cgp.org.pe\/web\/wp-content\/uploads\/2025\/04\/IMG_5036-scaled.jpg\"><img loading=\"lazy\" decoding=\"async\" class=\"alignnone size-medium wp-image-5020 lazyload\" data-src=\"http:\/\/cgp.org.pe\/web\/wp-content\/uploads\/2025\/04\/IMG_5036-300x200.jpg\" alt=\"\" width=\"300\" height=\"200\" src=\"data:image\/gif;base64,R0lGODlhAQABAAAAACH5BAEKAAEALAAAAAABAAEAAAICTAEAOw==\" style=\"--smush-placeholder-width: 300px; --smush-placeholder-aspect-ratio: 300\/200;\" \/><noscript><img loading=\"lazy\" decoding=\"async\" class=\"alignnone size-medium wp-image-5020\" src=\"http:\/\/cgp.org.pe\/web\/wp-content\/uploads\/2025\/04\/IMG_5036-300x200.jpg\" alt=\"\" width=\"300\" height=\"200\" \/><\/noscript><\/a> <a href=\"http:\/\/cgp.org.pe\/web\/wp-content\/uploads\/2025\/04\/IMG_5057-scaled.jpg\"><img loading=\"lazy\" decoding=\"async\" class=\"alignnone size-medium wp-image-5021 lazyload\" data-src=\"http:\/\/cgp.org.pe\/web\/wp-content\/uploads\/2025\/04\/IMG_5057-300x200.jpg\" alt=\"\" width=\"300\" height=\"200\" src=\"data:image\/gif;base64,R0lGODlhAQABAAAAACH5BAEKAAEALAAAAAABAAEAAAICTAEAOw==\" style=\"--smush-placeholder-width: 300px; --smush-placeholder-aspect-ratio: 300\/200;\" \/><noscript><img loading=\"lazy\" decoding=\"async\" class=\"alignnone size-medium wp-image-5021\" src=\"http:\/\/cgp.org.pe\/web\/wp-content\/uploads\/2025\/04\/IMG_5057-300x200.jpg\" alt=\"\" width=\"300\" height=\"200\" \/><\/noscript><\/a> <a href=\"http:\/\/cgp.org.pe\/web\/wp-content\/uploads\/2025\/04\/IMG_5065-scaled.jpg\"><img loading=\"lazy\" decoding=\"async\" class=\"alignnone size-medium wp-image-5022 lazyload\" data-src=\"http:\/\/cgp.org.pe\/web\/wp-content\/uploads\/2025\/04\/IMG_5065-300x200.jpg\" alt=\"\" width=\"300\" height=\"200\" src=\"data:image\/gif;base64,R0lGODlhAQABAAAAACH5BAEKAAEALAAAAAABAAEAAAICTAEAOw==\" style=\"--smush-placeholder-width: 300px; --smush-placeholder-aspect-ratio: 300\/200;\" \/><noscript><img loading=\"lazy\" decoding=\"async\" class=\"alignnone size-medium wp-image-5022\" src=\"http:\/\/cgp.org.pe\/web\/wp-content\/uploads\/2025\/04\/IMG_5065-300x200.jpg\" alt=\"\" width=\"300\" height=\"200\" \/><\/noscript><\/a><\/p>\n","protected":false},"excerpt":{"rendered":"<p>Lima, 31 de marzo de 2025.- El Colegio de Ge\u00f3grafos del Per\u00fa reafirm\u00f3 su compromiso con el desarrollo territorial sostenible al participar en la Comisi\u00f3n Especial del Proyecto Terminal Chancay que se desarollo en el Congreso de la Rep\u00fablica. Este encuentro, de gran relevancia para la infraestructura y log\u00edstica del pa\u00eds, cont\u00f3 con la representaci\u00f3n [&hellip;]<\/p>\n","protected":false},"author":2,"featured_media":5017,"comment_status":"open","ping_status":"open","sticky":false,"template":"","format":"standard","meta":{"_et_pb_use_builder":"","_et_pb_old_content":"","_et_gb_content_width":"","footnotes":""},"categories":[283,47],"tags":[],"class_list":["post-5016","post","type-post","status-publish","format-standard","has-post-thumbnail","hentry","category-notas-de-prensa","category-noticias"],"_links":{"self":[{"href":"https:\/\/cgp.org.pe\/web\/wp-json\/wp\/v2\/posts\/5016","targetHints":{"allow":["GET"]}}],"collection":[{"href":"https:\/\/cgp.org.pe\/web\/wp-json\/wp\/v2\/posts"}],"about":[{"href":"https:\/\/cgp.org.pe\/web\/wp-json\/wp\/v2\/types\/post"}],"author":[{"embeddable":true,"href":"https:\/\/cgp.org.pe\/web\/wp-json\/wp\/v2\/users\/2"}],"replies":[{"embeddable":true,"href":"https:\/\/cgp.org.pe\/web\/wp-json\/wp\/v2\/comments?post=5016"}],"version-history":[{"count":1,"href":"https:\/\/cgp.org.pe\/web\/wp-json\/wp\/v2\/posts\/5016\/revisions"}],"predecessor-version":[{"id":5023,"href":"https:\/\/cgp.org.pe\/web\/wp-json\/wp\/v2\/posts\/5016\/revisions\/5023"}],"wp:featuredmedia":[{"embeddable":true,"href":"https:\/\/cgp.org.pe\/web\/wp-json\/wp\/v2\/media\/5017"}],"wp:attachment":[{"href":"https:\/\/cgp.org.pe\/web\/wp-json\/wp\/v2\/media?parent=5016"}],"wp:term":[{"taxonomy":"category","embeddable":true,"href":"https:\/\/cgp.org.pe\/web\/wp-json\/wp\/v2\/categories?post=5016"},{"taxonomy":"post_tag","embeddable":true,"href":"https:\/\/cgp.org.pe\/web\/wp-json\/wp\/v2\/tags?post=5016"}],"curies":[{"name":"wp","href":"https:\/\/api.w.org\/{rel}","templated":true}]}}