{"id":4708,"date":"2024-12-28T12:47:55","date_gmt":"2024-12-28T17:47:55","guid":{"rendered":"https:\/\/cgp.org.pe\/web\/?p=4708"},"modified":"2025-01-14T10:55:40","modified_gmt":"2025-01-14T15:55:40","slug":"comites-especializados-del-cgp-impulsores-del-desarrollo-territorial-y-la-sostenibilidad","status":"publish","type":"post","link":"https:\/\/cgp.org.pe\/web\/comites-especializados-del-cgp-impulsores-del-desarrollo-territorial-y-la-sostenibilidad\/","title":{"rendered":"Comit\u00e9s Especializados del CGP, impulsores del desarrollo territorial y la sostenibilidad"},"content":{"rendered":"<p>El Colegio de Ge\u00f3grafos del Per\u00fa (CGP) cerr\u00f3 el 2024 destacando el impacto significativo de sus Comisiones Especializadas de Trabajo, las cuales lideraron proyectos clave y fortalecieron la geograf\u00eda aplicada en beneficio del desarrollo sostenible del pa\u00eds. Estas comisiones, conformadas por profesionales altamente capacitados, se centraron en \u00e1reas estrat\u00e9gicas que abordaron desde la planificaci\u00f3n urbana hasta la gesti\u00f3n ambiental y del riesgo.<\/p>\n<p>Comisiones Especializadas:<\/p>\n<p>1\ufe0f\u20e3 Educaci\u00f3n e Investigaci\u00f3n de la Ciencia Geogr\u00e1fica:<br \/>\nPromueve la formaci\u00f3n continua y la investigaci\u00f3n en geograf\u00eda, impulsando capacitaciones y producciones acad\u00e9micas para fortalecer la disciplina.<\/p>\n<p>2\ufe0f\u20e3 Geotecnolog\u00edas Aplicadas a la Gesti\u00f3n del Territorio:<br \/>\nDesarrolla soluciones basadas en tecnolog\u00edas geoespaciales como SIG, teledetecci\u00f3n y cartograf\u00eda digital para la toma de decisiones informadas en gesti\u00f3n territorial.<\/p>\n<p>3\ufe0f\u20e3 Geograf\u00eda F\u00edsica Aplicada:<br \/>\nEstudia los procesos naturales y f\u00edsicos del territorio, aportando datos esenciales para la gesti\u00f3n sostenible de recursos y la mitigaci\u00f3n de impactos ambientales.<\/p>\n<p>4\ufe0f\u20e3 Geopol\u00edtica y Gobernanza Territorial para el Desarrollo:<br \/>\nAnaliza las din\u00e1micas territoriales desde una perspectiva estrat\u00e9gica, destacando la importancia de la gobernanza y la geopol\u00edtica en el desarrollo nacional.<\/p>\n<p>5\ufe0f\u20e3 Gesti\u00f3n y Ordenamiento Ambiental del Territorio:<br \/>\nElabora propuestas para el uso sostenible de recursos naturales, enfoc\u00e1ndose en la conservaci\u00f3n ambiental y la reducci\u00f3n de impactos negativos.<\/p>\n<p>6\ufe0f\u20e3 Gesti\u00f3n del Riesgo de Desastres y Cambio Clim\u00e1tico:<br \/>\nDise\u00f1a estrategias para la prevenci\u00f3n, mitigaci\u00f3n y adaptaci\u00f3n al cambio clim\u00e1tico, priorizando la seguridad de comunidades vulnerables.<\/p>\n<p>7\ufe0f\u20e3 Ordenamiento, Organizaci\u00f3n y Demarcaci\u00f3n Territorial:<br \/>\nTrabaja en la delimitaci\u00f3n territorial y en propuestas de ordenamiento que garantizaron el desarrollo equilibrado del territorio.<\/p>\n<p>8\ufe0f\u20e3 Planificaci\u00f3n Urbana, Catastro y Saneamiento F\u00edsico-Legal:<br \/>\nLidera iniciativas para mejorar la planificaci\u00f3n urbana, optimizar el catastro y regularizar el saneamiento f\u00edsico-legal en zonas urbanas y rurales.<\/p>\n<p>Impacto del Trabajo en el 2024<br \/>\nA trav\u00e9s de estas comisiones, el CGP busca consolidarse como un referente en la gesti\u00f3n territorial, trabajando de la mano con instituciones p\u00fablicas y privadas para enfrentar los desaf\u00edos actuales del pa\u00eds. Este esfuerzo conjunto permiti\u00f3 fortalecer las capacidades t\u00e9cnicas y la influencia de la geograf\u00eda en la planificaci\u00f3n y el desarrollo sostenible.<\/p>\n<p>\ud83c\udf93 El Colegio de Ge\u00f3grafos del Per\u00fa agradece a todos los miembros que forman parte de estas comisiones, renovando su compromiso de seguir avanzando hacia un futuro m\u00e1s sostenible y resiliente.<\/p>\n","protected":false},"excerpt":{"rendered":"<p>El Colegio de Ge\u00f3grafos del Per\u00fa (CGP) destac\u00f3 en 2024 la labor de sus 8 Comisiones Especializadas de Trabajo, enfocadas en \u00e1reas clave como ordenamiento territorial, cambio clim\u00e1tico, SIG, geograf\u00eda social, educaci\u00f3n, investigaci\u00f3n, relaciones institucionales y difusi\u00f3n de la geograf\u00eda. Estos equipos lideraron proyectos estrat\u00e9gicos, fortalecieron alianzas y posicionaron a la geograf\u00eda como una herramienta esencial para el desarrollo sostenible del Per\u00fa.<\/p>\n","protected":false},"author":2,"featured_media":4709,"comment_status":"open","ping_status":"open","sticky":false,"template":"","format":"standard","meta":{"_et_pb_use_builder":"off","_et_pb_old_content":"","_et_gb_content_width":"","footnotes":""},"categories":[11],"tags":[33,274,275,277,276,273,150],"class_list":["post-4708","post","type-post","status-publish","format-standard","has-post-thumbnail","hentry","category-comunicados","tag-cambio-climatico","tag-comisiones-especializadas","tag-desarrollo-territorial","tag-educacion-geografica","tag-geografia-aplicada","tag-geografia-peru","tag-gestion-ambiental"],"_links":{"self":[{"href":"https:\/\/cgp.org.pe\/web\/wp-json\/wp\/v2\/posts\/4708","targetHints":{"allow":["GET"]}}],"collection":[{"href":"https:\/\/cgp.org.pe\/web\/wp-json\/wp\/v2\/posts"}],"about":[{"href":"https:\/\/cgp.org.pe\/web\/wp-json\/wp\/v2\/types\/post"}],"author":[{"embeddable":true,"href":"https:\/\/cgp.org.pe\/web\/wp-json\/wp\/v2\/users\/2"}],"replies":[{"embeddable":true,"href":"https:\/\/cgp.org.pe\/web\/wp-json\/wp\/v2\/comments?post=4708"}],"version-history":[{"count":6,"href":"https:\/\/cgp.org.pe\/web\/wp-json\/wp\/v2\/posts\/4708\/revisions"}],"predecessor-version":[{"id":4811,"href":"https:\/\/cgp.org.pe\/web\/wp-json\/wp\/v2\/posts\/4708\/revisions\/4811"}],"wp:featuredmedia":[{"embeddable":true,"href":"https:\/\/cgp.org.pe\/web\/wp-json\/wp\/v2\/media\/4709"}],"wp:attachment":[{"href":"https:\/\/cgp.org.pe\/web\/wp-json\/wp\/v2\/media?parent=4708"}],"wp:term":[{"taxonomy":"category","embeddable":true,"href":"https:\/\/cgp.org.pe\/web\/wp-json\/wp\/v2\/categories?post=4708"},{"taxonomy":"post_tag","embeddable":true,"href":"https:\/\/cgp.org.pe\/web\/wp-json\/wp\/v2\/tags?post=4708"}],"curies":[{"name":"wp","href":"https:\/\/api.w.org\/{rel}","templated":true}]}}