{"id":4616,"date":"2024-10-26T12:38:37","date_gmt":"2024-10-26T17:38:37","guid":{"rendered":"https:\/\/cgp.org.pe\/web\/?p=4616"},"modified":"2024-10-26T12:46:43","modified_gmt":"2024-10-26T17:46:43","slug":"%f0%9f%93%8d-la-geografia-en-accion-analizando-el-futuro-de-nuestro-territorio-y-su-desarrollo","status":"publish","type":"post","link":"https:\/\/cgp.org.pe\/web\/%f0%9f%93%8d-la-geografia-en-accion-analizando-el-futuro-de-nuestro-territorio-y-su-desarrollo\/","title":{"rendered":"\ud83d\udccd La geograf\u00eda en acci\u00f3n: analizando el futuro de nuestro territorio y su desarrollo"},"content":{"rendered":"<div class=\"flex-shrink-0 flex flex-col relative items-end\">\n<div class=\"pt-0\">\n<div class=\"gizmo-bot-avatar flex h-8 w-8 items-center justify-center overflow-hidden rounded-full\">\n<div class=\"relative p-1 rounded-sm flex items-center justify-center bg-token-main-surface-primary text-token-text-primary h-8 w-8\">\n<p><em><strong>Conferencia Nacional de Geograf\u00eda: El Encuentro Anual de Expertos y Entusiastas de la Geograf\u00eda en el Per\u00fa<\/strong><\/em><\/p>\n<p>La <strong>Conferencia Nacional de Geograf\u00eda<\/strong> se acerca, y este evento emblem\u00e1tico del Colegio de Ge\u00f3grafos del Per\u00fa re\u00fane cada a\u00f1o a los m\u00e1s destacados acad\u00e9micos, profesionales y estudiantes de geograf\u00eda, para analizar y debatir temas cruciales para el desarrollo sostenible y la planificaci\u00f3n territorial en el Per\u00fa.<\/p>\n<p>Con un enfoque en los desaf\u00edos y oportunidades de la geograf\u00eda en el contexto actual, esta conferencia ser\u00e1 un espacio para intercambiar conocimientos, compartir investigaciones innovadoras y fortalecer redes profesionales, impulsando una visi\u00f3n integradora del territorio y su gesti\u00f3n.<\/p>\n<p><strong>Puntos destacados del evento:<\/strong><\/p>\n<ul>\n<li><strong>Paneles de Discusi\u00f3n<\/strong> con expertos que abordar\u00e1n temas como el cambio clim\u00e1tico, la gesti\u00f3n de recursos naturales, urbanismo sostenible y el desarrollo de infraestructura territorial.<\/li>\n<li><strong>Presentaci\u00f3n de Proyectos e Investigaciones<\/strong> de acad\u00e9micos y estudiantes, fomentando el avance en metodolog\u00edas geogr\u00e1ficas y aplicaciones tecnol\u00f3gicas.<\/li>\n<li><strong>Conferencias Magistrales<\/strong> a cargo de reconocidos ge\u00f3grafos nacionales e internacionales, quienes compartir\u00e1n su visi\u00f3n sobre el futuro de la geograf\u00eda y su impacto en la sociedad.<\/li>\n<li><strong>Red de Networking<\/strong> para fortalecer la comunidad geogr\u00e1fica del pa\u00eds y abrir oportunidades de colaboraci\u00f3n entre instituciones y profesionales del sector.<\/li>\n<\/ul>\n<p><strong>\u00bfPor qu\u00e9 asistir?<\/strong> La Conferencia Nacional de Geograf\u00eda es el evento de referencia para quienes desean comprender y aportar al desarrollo territorial del Per\u00fa. Esta es una oportunidad \u00fanica para aprender, innovar y conectarse con l\u00edderes de pensamiento en el campo de la geograf\u00eda, en un contexto donde el estudio del espacio, el medio ambiente y el desarrollo sostenible son m\u00e1s relevantes que nunca.<\/p>\n<p><strong>Inscripciones y detalles:<\/strong><\/p>\n<ul>\n<li>Para conocer el programa completo e inscribirte, visita nuestro sitio web oficial o redes sociales.<\/li>\n<li><strong>Fecha:<\/strong> 28, 29, 30 y 31 de octubre<\/li>\n<li><strong>Lugar:<\/strong> Campus de la Universidad Nacional Mayor de San Marcos<\/li>\n<li><strong>Modalidad:<\/strong> Presencial y virtual, para que puedas participar desde cualquier regi\u00f3n del pa\u00eds.<\/li>\n<\/ul>\n<p><strong>\u00danete a nosotros en la Conferencia Nacional de Geograf\u00eda y s\u00e9 parte de un evento que impulsa el cambio y la sostenibilidad desde la perspectiva geogr\u00e1fica.<\/strong> \u00a1Esperamos verte all\u00ed!<\/p>\n<\/div>\n<\/div>\n<\/div>\n<\/div>\n","protected":false},"excerpt":{"rendered":"<p>Conferencia Nacional de Geograf\u00eda: El Encuentro Anual de Expertos y Entusiastas de la Geograf\u00eda en el Per\u00fa La Conferencia Nacional de Geograf\u00eda se acerca, y este evento emblem\u00e1tico del Colegio de Ge\u00f3grafos del Per\u00fa re\u00fane cada a\u00f1o a los m\u00e1s destacados acad\u00e9micos, profesionales y estudiantes de geograf\u00eda, para analizar y debatir temas cruciales para el [&hellip;]<\/p>\n","protected":false},"author":2,"featured_media":4617,"comment_status":"open","ping_status":"open","sticky":false,"template":"","format":"standard","meta":{"_et_pb_use_builder":"","_et_pb_old_content":"","_et_gb_content_width":"","footnotes":""},"categories":[11],"tags":[],"class_list":["post-4616","post","type-post","status-publish","format-standard","has-post-thumbnail","hentry","category-comunicados"],"_links":{"self":[{"href":"https:\/\/cgp.org.pe\/web\/wp-json\/wp\/v2\/posts\/4616","targetHints":{"allow":["GET"]}}],"collection":[{"href":"https:\/\/cgp.org.pe\/web\/wp-json\/wp\/v2\/posts"}],"about":[{"href":"https:\/\/cgp.org.pe\/web\/wp-json\/wp\/v2\/types\/post"}],"author":[{"embeddable":true,"href":"https:\/\/cgp.org.pe\/web\/wp-json\/wp\/v2\/users\/2"}],"replies":[{"embeddable":true,"href":"https:\/\/cgp.org.pe\/web\/wp-json\/wp\/v2\/comments?post=4616"}],"version-history":[{"count":3,"href":"https:\/\/cgp.org.pe\/web\/wp-json\/wp\/v2\/posts\/4616\/revisions"}],"predecessor-version":[{"id":4620,"href":"https:\/\/cgp.org.pe\/web\/wp-json\/wp\/v2\/posts\/4616\/revisions\/4620"}],"wp:featuredmedia":[{"embeddable":true,"href":"https:\/\/cgp.org.pe\/web\/wp-json\/wp\/v2\/media\/4617"}],"wp:attachment":[{"href":"https:\/\/cgp.org.pe\/web\/wp-json\/wp\/v2\/media?parent=4616"}],"wp:term":[{"taxonomy":"category","embeddable":true,"href":"https:\/\/cgp.org.pe\/web\/wp-json\/wp\/v2\/categories?post=4616"},{"taxonomy":"post_tag","embeddable":true,"href":"https:\/\/cgp.org.pe\/web\/wp-json\/wp\/v2\/tags?post=4616"}],"curies":[{"name":"wp","href":"https:\/\/api.w.org\/{rel}","templated":true}]}}