{"id":4613,"date":"2024-10-26T12:28:49","date_gmt":"2024-10-26T17:28:49","guid":{"rendered":"https:\/\/cgp.org.pe\/web\/?p=4613"},"modified":"2024-10-26T12:28:49","modified_gmt":"2024-10-26T17:28:49","slug":"%f0%9f%8c%8d-conferencia-descubre-el-impacto-de-la-geografia-en-el-turismo-peruano-%f0%9f%8c%8d","status":"publish","type":"post","link":"https:\/\/cgp.org.pe\/web\/%f0%9f%8c%8d-conferencia-descubre-el-impacto-de-la-geografia-en-el-turismo-peruano-%f0%9f%8c%8d\/","title":{"rendered":"\ud83c\udf0d Conferencia: Descubre el Impacto de la Geograf\u00eda en el Turismo Peruano \ud83c\udf0d"},"content":{"rendered":"<p><em><strong>Conferencia Virtual: Turismo y Geograf\u00eda en el Per\u00fa &#8211; Una Mirada a las Oportunidades y Desaf\u00edos del Sector<\/strong><\/em><\/p>\n<p>El Colegio de Ge\u00f3grafos del Per\u00fa invita a todos los interesados en el turismo y la geograf\u00eda a participar en la conferencia virtual \u201cTurismo y Geograf\u00eda en el Per\u00fa,\u201d una oportunidad \u00fanica para profundizar en las din\u00e1micas, desaf\u00edos y perspectivas del sector en el contexto actual.<\/p>\n<p>En esta conferencia contaremos con dos destacados especialistas:<\/p>\n<ul>\n<li><strong>Ricardo Bohl<\/strong> \u2013 Docente e investigador en la Pontificia Universidad Cat\u00f3lica del Per\u00fa (PUCP), cuya trayectoria acad\u00e9mica y profesional ha hecho contribuciones significativas al estudio de la geograf\u00eda en el desarrollo tur\u00edstico.<\/li>\n<li><strong>\u00d3scar Gamarra<\/strong> \u2013 Decano del Colegio de Licenciados en Turismo de Lima, reconocido por su liderazgo y experiencia en el sector tur\u00edstico y en la implementaci\u00f3n de estrategias sostenibles en el Per\u00fa.<\/li>\n<\/ul>\n<p><strong>Detalles del Evento:<\/strong><\/p>\n<ul>\n<li><strong>Fecha:<\/strong> Viernes, 4 de octubre<\/li>\n<li><strong>Hora:<\/strong> 8:00 p.m.<\/li>\n<li><strong>Plataforma:<\/strong> Zoom<\/li>\n<\/ul>\n<p>Esta conferencia virtual es gratuita y se presenta como un espacio de aprendizaje e intercambio para estudiantes, profesionales y p\u00fablico en general interesado en comprender c\u00f3mo la geograf\u00eda influye en el turismo, y c\u00f3mo ambos campos se entrelazan para contribuir al desarrollo local y nacional.<\/p>\n<p><strong>\u00bfPor qu\u00e9 participar?<\/strong> La relaci\u00f3n entre la geograf\u00eda y el turismo es fundamental para crear experiencias de viaje sostenibles y responsables, especialmente en un pa\u00eds tan diverso y rico en paisajes como el Per\u00fa. Durante la sesi\u00f3n, se discutir\u00e1n estrategias para potenciar el turismo con enfoque geogr\u00e1fico, as\u00ed como los desaf\u00edos y oportunidades que enfrenta el sector.<\/p>\n<p><strong>Inscr\u00edbete ahora<\/strong> y \u00fanete a esta experiencia de aprendizaje desde cualquier lugar. \u00a1Nos vemos en l\u00ednea para compartir conocimientos y perspectivas de dos grandes referentes en turismo y geograf\u00eda!<\/p>\n","protected":false},"excerpt":{"rendered":"<p>Conferencia Virtual: Turismo y Geograf\u00eda en el Per\u00fa &#8211; Una Mirada a las Oportunidades y Desaf\u00edos del Sector El Colegio de Ge\u00f3grafos del Per\u00fa invita a todos los interesados en el turismo y la geograf\u00eda a participar en la conferencia virtual \u201cTurismo y Geograf\u00eda en el Per\u00fa,\u201d una oportunidad \u00fanica para profundizar en las din\u00e1micas, [&hellip;]<\/p>\n","protected":false},"author":2,"featured_media":4614,"comment_status":"open","ping_status":"open","sticky":false,"template":"","format":"standard","meta":{"_et_pb_use_builder":"","_et_pb_old_content":"","_et_gb_content_width":"","footnotes":""},"categories":[11],"tags":[],"class_list":["post-4613","post","type-post","status-publish","format-standard","has-post-thumbnail","hentry","category-comunicados"],"_links":{"self":[{"href":"https:\/\/cgp.org.pe\/web\/wp-json\/wp\/v2\/posts\/4613","targetHints":{"allow":["GET"]}}],"collection":[{"href":"https:\/\/cgp.org.pe\/web\/wp-json\/wp\/v2\/posts"}],"about":[{"href":"https:\/\/cgp.org.pe\/web\/wp-json\/wp\/v2\/types\/post"}],"author":[{"embeddable":true,"href":"https:\/\/cgp.org.pe\/web\/wp-json\/wp\/v2\/users\/2"}],"replies":[{"embeddable":true,"href":"https:\/\/cgp.org.pe\/web\/wp-json\/wp\/v2\/comments?post=4613"}],"version-history":[{"count":1,"href":"https:\/\/cgp.org.pe\/web\/wp-json\/wp\/v2\/posts\/4613\/revisions"}],"predecessor-version":[{"id":4615,"href":"https:\/\/cgp.org.pe\/web\/wp-json\/wp\/v2\/posts\/4613\/revisions\/4615"}],"wp:featuredmedia":[{"embeddable":true,"href":"https:\/\/cgp.org.pe\/web\/wp-json\/wp\/v2\/media\/4614"}],"wp:attachment":[{"href":"https:\/\/cgp.org.pe\/web\/wp-json\/wp\/v2\/media?parent=4613"}],"wp:term":[{"taxonomy":"category","embeddable":true,"href":"https:\/\/cgp.org.pe\/web\/wp-json\/wp\/v2\/categories?post=4613"},{"taxonomy":"post_tag","embeddable":true,"href":"https:\/\/cgp.org.pe\/web\/wp-json\/wp\/v2\/tags?post=4613"}],"curies":[{"name":"wp","href":"https:\/\/api.w.org\/{rel}","templated":true}]}}