{"id":3504,"date":"2022-03-09T23:21:52","date_gmt":"2022-03-09T23:21:52","guid":{"rendered":"https:\/\/cgp.org.pe\/web\/?p=3504"},"modified":"2022-03-14T15:29:45","modified_gmt":"2022-03-14T15:29:45","slug":"charla-analisis-geopolitico-del-conflicto-entre-rusia-y-ucrania","status":"publish","type":"post","link":"https:\/\/cgp.org.pe\/web\/charla-analisis-geopolitico-del-conflicto-entre-rusia-y-ucrania\/","title":{"rendered":"Charla: An\u00e1lisis geopol\u00edtico del conflicto entre Rusia y Ucrania"},"content":{"rendered":"<p>El Colegio de Ge\u00f3grafos del Per\u00fa (CGP), a trav\u00e9s de su Comisi\u00f3n Especializada de An\u00e1lisis Territorial del Contexto Nacional e Internacional, los invita a la Charla: \u00abAn\u00e1lisis Geopol\u00edtico del Conflicto entre Rusia y Ucrania\u00bb que se realizar\u00e1 el <em><strong>viernes 11 de marzo a las 7 pm.<\/strong><\/em><\/p>\n<p><strong>Enlace zoom:<\/strong> <a href=\"https:\/\/us02web.zoom.us\/j\/83307498133?pwd=bFM3N0pWNHJ5QnRLKzg0cnFoNHVqZz09&amp;fbclid=IwAR0iPB09qxPV-SoGIxtlwHN1cx5UGJuJ4Jcuhe_-ahWKPwGo-qaSRmCiFxk\">https:\/\/us02web.zoom.us\/j\/83307498133?pwd=bFM3N0pWNHJ5QnRLKzg0cnFoNHVqZz09&amp;fbclid=IwAR0iPB09qxPV-SoGIxtlwHN1cx5UGJuJ4Jcuhe_-ahWKPwGo-qaSRmCiFxk<\/a><\/p>\n<h4><a href=\"https:\/\/cgp.org.pe\/web\/charla-video-analisis-geopolitico-del-conflicto-entre-rusia-y-ucrania\/\"><strong>VER VIDEO de la charla<\/strong><\/a><\/h4>\n<p><img loading=\"lazy\" decoding=\"async\" class=\"aligncenter size-large wp-image-3505 lazyload\" data-src=\"http:\/\/cgp.org.pe\/web\/wp-content\/uploads\/2022\/03\/contexto-nacinternacional-725x1024.jpg\" alt=\"\" width=\"725\" height=\"1024\" data-srcset=\"http:\/\/cgp.org.pe\/web\/wp-content\/uploads\/2022\/03\/contexto-nacinternacional-725x1024.jpg 725w, http:\/\/cgp.org.pe\/web\/wp-content\/uploads\/2022\/03\/contexto-nacinternacional-480x678.jpg 480w\" data-sizes=\"auto, (min-width: 0px) and (max-width: 480px) 480px, (min-width: 481px) 725px, 100vw\" src=\"data:image\/gif;base64,R0lGODlhAQABAAAAACH5BAEKAAEALAAAAAABAAEAAAICTAEAOw==\" style=\"--smush-placeholder-width: 725px; --smush-placeholder-aspect-ratio: 725\/1024;\" \/><noscript><img loading=\"lazy\" decoding=\"async\" class=\"aligncenter size-large wp-image-3505\" src=\"http:\/\/cgp.org.pe\/web\/wp-content\/uploads\/2022\/03\/contexto-nacinternacional-725x1024.jpg\" alt=\"\" width=\"725\" height=\"1024\" srcset=\"http:\/\/cgp.org.pe\/web\/wp-content\/uploads\/2022\/03\/contexto-nacinternacional-725x1024.jpg 725w, http:\/\/cgp.org.pe\/web\/wp-content\/uploads\/2022\/03\/contexto-nacinternacional-480x678.jpg 480w\" sizes=\"auto, (min-width: 0px) and (max-width: 480px) 480px, (min-width: 481px) 725px, 100vw\" \/><\/noscript><\/p>\n","protected":false},"excerpt":{"rendered":"<p>El Colegio de Ge\u00f3grafos del Per\u00fa (CGP), a trav\u00e9s de su Comisi\u00f3n Especializada de An\u00e1lisis Territorial del Contexto Nacional e Internacional, los invita a la Charla: \u00abAn\u00e1lisis Geopol\u00edtico del Conflicto entre Rusia y Ucrania\u00bb que se realizar\u00e1 el viernes 11 de marzo a las 7 pm. Enlace zoom: https:\/\/us02web.zoom.us\/j\/83307498133?pwd=bFM3N0pWNHJ5QnRLKzg0cnFoNHVqZz09&amp;fbclid=IwAR0iPB09qxPV-SoGIxtlwHN1cx5UGJuJ4Jcuhe_-ahWKPwGo-qaSRmCiFxk VER VIDEO de la charla<\/p>\n","protected":false},"author":1,"featured_media":3509,"comment_status":"open","ping_status":"open","sticky":false,"template":"","format":"standard","meta":{"_et_pb_use_builder":"","_et_pb_old_content":"","_et_gb_content_width":"","footnotes":""},"categories":[227,226,47],"tags":[],"class_list":["post-3504","post","type-post","status-publish","format-standard","has-post-thumbnail","hentry","category-analisis-territorial-del-contexto-nacional-e-internacional","category-comisiones","category-noticias"],"_links":{"self":[{"href":"https:\/\/cgp.org.pe\/web\/wp-json\/wp\/v2\/posts\/3504","targetHints":{"allow":["GET"]}}],"collection":[{"href":"https:\/\/cgp.org.pe\/web\/wp-json\/wp\/v2\/posts"}],"about":[{"href":"https:\/\/cgp.org.pe\/web\/wp-json\/wp\/v2\/types\/post"}],"author":[{"embeddable":true,"href":"https:\/\/cgp.org.pe\/web\/wp-json\/wp\/v2\/users\/1"}],"replies":[{"embeddable":true,"href":"https:\/\/cgp.org.pe\/web\/wp-json\/wp\/v2\/comments?post=3504"}],"version-history":[{"count":5,"href":"https:\/\/cgp.org.pe\/web\/wp-json\/wp\/v2\/posts\/3504\/revisions"}],"predecessor-version":[{"id":3541,"href":"https:\/\/cgp.org.pe\/web\/wp-json\/wp\/v2\/posts\/3504\/revisions\/3541"}],"wp:featuredmedia":[{"embeddable":true,"href":"https:\/\/cgp.org.pe\/web\/wp-json\/wp\/v2\/media\/3509"}],"wp:attachment":[{"href":"https:\/\/cgp.org.pe\/web\/wp-json\/wp\/v2\/media?parent=3504"}],"wp:term":[{"taxonomy":"category","embeddable":true,"href":"https:\/\/cgp.org.pe\/web\/wp-json\/wp\/v2\/categories?post=3504"},{"taxonomy":"post_tag","embeddable":true,"href":"https:\/\/cgp.org.pe\/web\/wp-json\/wp\/v2\/tags?post=3504"}],"curies":[{"name":"wp","href":"https:\/\/api.w.org\/{rel}","templated":true}]}}