{"id":2782,"date":"2021-04-24T16:48:28","date_gmt":"2021-04-24T16:48:28","guid":{"rendered":"https:\/\/cgp.org.pe\/web\/?p=2782"},"modified":"2021-12-31T17:19:07","modified_gmt":"2021-12-31T17:19:07","slug":"semana-de-la-geografia-peruana-y-aniversario-del-colegio-de-geografos-del-peru-2021","status":"publish","type":"post","link":"https:\/\/cgp.org.pe\/web\/semana-de-la-geografia-peruana-y-aniversario-del-colegio-de-geografos-del-peru-2021\/","title":{"rendered":"Semana de la Geograf\u00eda Peruana y aniversario del Colegio de Ge\u00f3grafos del Per\u00fa (2021)"},"content":{"rendered":"<p>El Colegio de Ge\u00f3grafos del Per\u00fa organiz\u00f3 una serie de eventos en la semana de la Geograf\u00eda Peruana por el aniversario del Colegio de Ge\u00f3grafos del Per\u00fa y por el D\u00eda Nacional del Ge\u00f3grafo. Los eventos se realizaron del 21 al 24 de abril.<\/p>\n<p><img loading=\"lazy\" decoding=\"async\" class=\"alignnone size-full wp-image-2784 lazyload\" data-src=\"http:\/\/cgp.org.pe\/web\/wp-content\/uploads\/2021\/12\/202104-SEMANA-DE-LA-GEOGRAFIA.jpeg\" alt=\"\" width=\"452\" height=\"640\" data-srcset=\"https:\/\/cgp.org.pe\/web\/wp-content\/uploads\/2021\/12\/202104-SEMANA-DE-LA-GEOGRAFIA.jpeg 452w, https:\/\/cgp.org.pe\/web\/wp-content\/uploads\/2021\/12\/202104-SEMANA-DE-LA-GEOGRAFIA-212x300.jpeg 212w\" data-sizes=\"auto, (max-width: 452px) 100vw, 452px\" src=\"data:image\/gif;base64,R0lGODlhAQABAAAAACH5BAEKAAEALAAAAAABAAEAAAICTAEAOw==\" style=\"--smush-placeholder-width: 452px; --smush-placeholder-aspect-ratio: 452\/640;\" \/><noscript><img loading=\"lazy\" decoding=\"async\" class=\"alignnone size-full wp-image-2784\" src=\"http:\/\/cgp.org.pe\/web\/wp-content\/uploads\/2021\/12\/202104-SEMANA-DE-LA-GEOGRAFIA.jpeg\" alt=\"\" width=\"452\" height=\"640\" srcset=\"https:\/\/cgp.org.pe\/web\/wp-content\/uploads\/2021\/12\/202104-SEMANA-DE-LA-GEOGRAFIA.jpeg 452w, https:\/\/cgp.org.pe\/web\/wp-content\/uploads\/2021\/12\/202104-SEMANA-DE-LA-GEOGRAFIA-212x300.jpeg 212w\" sizes=\"auto, (max-width: 452px) 100vw, 452px\" \/><\/noscript><\/p>\n<h3><strong>D\u00eda 1: 21 de abril\u00a0<\/strong><\/h3>\n<p>An\u00e1lisis sobre las elecciones generales 2021: crisis pol\u00edtica y fragmentaci\u00f3n social<\/p>\n<p><iframe loading=\"lazy\" title=\"Semana de la geograf\u00eda: An\u00e1lisis sobre las elecciones generales 2021\" width=\"1080\" height=\"810\" data-src=\"https:\/\/www.youtube.com\/embed\/wukK0bUGxL0?feature=oembed\" frameborder=\"0\" allow=\"accelerometer; autoplay; clipboard-write; encrypted-media; gyroscope; picture-in-picture\" allowfullscreen src=\"data:image\/gif;base64,R0lGODlhAQABAAAAACH5BAEKAAEALAAAAAABAAEAAAICTAEAOw==\" class=\"lazyload\" data-load-mode=\"1\"><\/iframe><\/p>\n<h3><strong>D\u00eda 2:\u00a0 22 de abril<\/strong><\/h3>\n<p>Instrumentos de Gesti\u00f3n Ambiental<\/p>\n<p><iframe loading=\"lazy\" title=\"Semana de la geograf\u00eda: Instrumentos de Gesti\u00f3n Ambiental\" width=\"1080\" height=\"608\" data-src=\"https:\/\/www.youtube.com\/embed\/5CzVIK5DpU8?feature=oembed\" frameborder=\"0\" allow=\"accelerometer; autoplay; clipboard-write; encrypted-media; gyroscope; picture-in-picture\" allowfullscreen src=\"data:image\/gif;base64,R0lGODlhAQABAAAAACH5BAEKAAEALAAAAAABAAEAAAICTAEAOw==\" class=\"lazyload\" data-load-mode=\"1\"><\/iframe><\/p>\n<h3><strong>D\u00eda 3: 23 de abril<\/strong><\/h3>\n<p>An\u00e1lisis comparativo del riesgo por contagio ante COVID-19 en cuatro distritos de Lima Metropolitana<\/p>\n<p><iframe loading=\"lazy\" title=\"Semana de la geograf\u00eda: An\u00e1lisis comparativo, riesgo por contagio ante COVID19 en 4 distritos de LM\" width=\"1080\" height=\"608\" data-src=\"https:\/\/www.youtube.com\/embed\/qoRwTCfNoNQ?feature=oembed\" frameborder=\"0\" allow=\"accelerometer; autoplay; clipboard-write; encrypted-media; gyroscope; picture-in-picture\" allowfullscreen src=\"data:image\/gif;base64,R0lGODlhAQABAAAAACH5BAEKAAEALAAAAAABAAEAAAICTAEAOw==\" class=\"lazyload\" data-load-mode=\"1\"><\/iframe><\/p>\n<h3><strong>D\u00eda 4:\u00a0 24 de abril<\/strong><\/h3>\n<p>Ponencias magistrales<\/p>\n<p><iframe loading=\"lazy\" title=\"Semana de la geograf\u00eda: Conferencias magistrales y Ceremonia virtual por el aniversario del CGP\" width=\"1080\" height=\"810\" data-src=\"https:\/\/www.youtube.com\/embed\/uy1hXcyISWM?feature=oembed\" frameborder=\"0\" allow=\"accelerometer; autoplay; clipboard-write; encrypted-media; gyroscope; picture-in-picture\" allowfullscreen src=\"data:image\/gif;base64,R0lGODlhAQABAAAAACH5BAEKAAEALAAAAAABAAEAAAICTAEAOw==\" class=\"lazyload\" data-load-mode=\"1\"><\/iframe><\/p>\n","protected":false},"excerpt":{"rendered":"<p>El Colegio de Ge\u00f3grafos del Per\u00fa organiz\u00f3 una serie de eventos en la semana de la Geograf\u00eda Peruana por el aniversario del Colegio de Ge\u00f3grafos del Per\u00fa y por el D\u00eda Nacional del Ge\u00f3grafo. Los eventos se realizaron del 21 al 24 de abril. D\u00eda 1: 21 de abril\u00a0 An\u00e1lisis sobre las elecciones generales 2021: [&hellip;]<\/p>\n","protected":false},"author":1,"featured_media":0,"comment_status":"open","ping_status":"open","sticky":false,"template":"","format":"standard","meta":{"_et_pb_use_builder":"","_et_pb_old_content":"","_et_gb_content_width":"","footnotes":""},"categories":[46],"tags":[149,175,176,177,178,179,150],"class_list":["post-2782","post","type-post","status-publish","format-standard","hentry","category-eventos","tag-aniversario","tag-conferencias","tag-covid-19","tag-dia-del-geografo","tag-elecciones-2021","tag-fragmentacion-social","tag-gestion-ambiental"],"_links":{"self":[{"href":"https:\/\/cgp.org.pe\/web\/wp-json\/wp\/v2\/posts\/2782","targetHints":{"allow":["GET"]}}],"collection":[{"href":"https:\/\/cgp.org.pe\/web\/wp-json\/wp\/v2\/posts"}],"about":[{"href":"https:\/\/cgp.org.pe\/web\/wp-json\/wp\/v2\/types\/post"}],"author":[{"embeddable":true,"href":"https:\/\/cgp.org.pe\/web\/wp-json\/wp\/v2\/users\/1"}],"replies":[{"embeddable":true,"href":"https:\/\/cgp.org.pe\/web\/wp-json\/wp\/v2\/comments?post=2782"}],"version-history":[{"count":1,"href":"https:\/\/cgp.org.pe\/web\/wp-json\/wp\/v2\/posts\/2782\/revisions"}],"predecessor-version":[{"id":2785,"href":"https:\/\/cgp.org.pe\/web\/wp-json\/wp\/v2\/posts\/2782\/revisions\/2785"}],"wp:attachment":[{"href":"https:\/\/cgp.org.pe\/web\/wp-json\/wp\/v2\/media?parent=2782"}],"wp:term":[{"taxonomy":"category","embeddable":true,"href":"https:\/\/cgp.org.pe\/web\/wp-json\/wp\/v2\/categories?post=2782"},{"taxonomy":"post_tag","embeddable":true,"href":"https:\/\/cgp.org.pe\/web\/wp-json\/wp\/v2\/tags?post=2782"}],"curies":[{"name":"wp","href":"https:\/\/api.w.org\/{rel}","templated":true}]}}