{"id":1807,"date":"2016-05-22T00:39:30","date_gmt":"2016-05-22T00:39:30","guid":{"rendered":"http:\/\/cgp.org.pe\/web\/?p=1807"},"modified":"2016-05-22T00:39:30","modified_gmt":"2016-05-22T00:39:30","slug":"curso-bases-para-la-elaboracion-de-mapas-tematicos-en-qgis","status":"publish","type":"post","link":"https:\/\/cgp.org.pe\/web\/curso-bases-para-la-elaboracion-de-mapas-tematicos-en-qgis\/","title":{"rendered":"CURSO: BASES PARA LA ELABORACI\u00d3N DE MAPAS TEM\u00c1TICOS EN QGIS"},"content":{"rendered":"<p>El Colegio de Ge\u00f3grafos del Per\u00fa abre las inscripciones para el curso te\u00f3rico pr\u00e1ctico \u00a0<em><strong>\u201cBases para la elaboraci\u00f3n de mapas tem\u00e1ticos en QGis\u201d<\/strong><\/em><strong>\u00a0<\/strong>que se dictar\u00e1 en los siguientes horarios:<\/p>\n<p>02, 03 y 04 de junio: 18 a 22 horas<\/p>\n<p>09 y 10 de junio: 18 a 22 horas<\/p>\n<p>11 de junio: 07 a 14 horas (trabajo de campo)<\/p>\n<p><strong>Lugar:\u00a0<\/strong>Instituto Daniel A. Carri\u00f3n, en la Av. Arequipa 1801, Aula 201.<\/p>\n<h3>Informes:<\/h3>\n<p>glocalgeo@gmail.com<\/p>\n<p>cgpsec@gmail.com<\/p>\n<p><strong><a href=\"https:\/\/docs.google.com\/forms\/d\/1PB7QHBewkP22dutLkAo5H-rpIzegB8iAGspK6GdeNYI\/viewform?c=0&amp;w=1\" target=\"_blank\" rel=\"noopener\">Formulario de inscripci\u00f3n<\/a><\/strong><\/p>\n<p><img loading=\"lazy\" decoding=\"async\" class=\"size-full wp-image-1808 aligncenter lazyload\" data-src=\"http:\/\/cgp.org.pe\/web\/wp-content\/uploads\/2016\/05\/13243677_1150654138312536_2581795421243722083_o.jpg\" alt=\"13243677_1150654138312536_2581795421243722083_o\" width=\"679\" height=\"960\" src=\"data:image\/gif;base64,R0lGODlhAQABAAAAACH5BAEKAAEALAAAAAABAAEAAAICTAEAOw==\" style=\"--smush-placeholder-width: 679px; --smush-placeholder-aspect-ratio: 679\/960;\" \/><noscript><img loading=\"lazy\" decoding=\"async\" class=\"size-full wp-image-1808 aligncenter\" src=\"http:\/\/cgp.org.pe\/web\/wp-content\/uploads\/2016\/05\/13243677_1150654138312536_2581795421243722083_o.jpg\" alt=\"13243677_1150654138312536_2581795421243722083_o\" width=\"679\" height=\"960\" \/><\/noscript><\/p>\n","protected":false},"excerpt":{"rendered":"<p>El Colegio de Ge\u00f3grafos del Per\u00fa abre las inscripciones para el curso te\u00f3rico pr\u00e1ctico \u00a0\u201cBases para la elaboraci\u00f3n de mapas tem\u00e1ticos en QGis\u201d\u00a0que se dictar\u00e1 en los siguientes horarios: 02, 03 y 04 de junio: 18 a 22 horas 09 y 10 de junio: 18 a 22 horas 11 de junio: 07 a 14 horas [&hellip;]<\/p>\n","protected":false},"author":1,"featured_media":0,"comment_status":"closed","ping_status":"open","sticky":false,"template":"","format":"standard","meta":{"_et_pb_use_builder":"","_et_pb_old_content":"","_et_gb_content_width":"","footnotes":""},"categories":[44],"tags":[70,43,95,24],"class_list":["post-1807","post","type-post","status-publish","format-standard","hentry","category-cursos","tag-cartografia","tag-curso","tag-qgis","tag-sig"],"_links":{"self":[{"href":"https:\/\/cgp.org.pe\/web\/wp-json\/wp\/v2\/posts\/1807","targetHints":{"allow":["GET"]}}],"collection":[{"href":"https:\/\/cgp.org.pe\/web\/wp-json\/wp\/v2\/posts"}],"about":[{"href":"https:\/\/cgp.org.pe\/web\/wp-json\/wp\/v2\/types\/post"}],"author":[{"embeddable":true,"href":"https:\/\/cgp.org.pe\/web\/wp-json\/wp\/v2\/users\/1"}],"replies":[{"embeddable":true,"href":"https:\/\/cgp.org.pe\/web\/wp-json\/wp\/v2\/comments?post=1807"}],"version-history":[{"count":0,"href":"https:\/\/cgp.org.pe\/web\/wp-json\/wp\/v2\/posts\/1807\/revisions"}],"wp:attachment":[{"href":"https:\/\/cgp.org.pe\/web\/wp-json\/wp\/v2\/media?parent=1807"}],"wp:term":[{"taxonomy":"category","embeddable":true,"href":"https:\/\/cgp.org.pe\/web\/wp-json\/wp\/v2\/categories?post=1807"},{"taxonomy":"post_tag","embeddable":true,"href":"https:\/\/cgp.org.pe\/web\/wp-json\/wp\/v2\/tags?post=1807"}],"curies":[{"name":"wp","href":"https:\/\/api.w.org\/{rel}","templated":true}]}}