{"id":1356,"date":"2016-03-02T18:40:56","date_gmt":"2016-03-02T18:40:56","guid":{"rendered":"http:\/\/cgp.org.pe\/web\/?p=1356"},"modified":"2016-03-02T18:40:56","modified_gmt":"2016-03-02T18:40:56","slug":"convocatoria-para-presentacion-de-ponencias-en-el-viii-coloquio-internacional-de-estudiantes-de-geografia-organizado-por-la-pucp","status":"publish","type":"post","link":"https:\/\/cgp.org.pe\/web\/convocatoria-para-presentacion-de-ponencias-en-el-viii-coloquio-internacional-de-estudiantes-de-geografia-organizado-por-la-pucp\/","title":{"rendered":"CONVOCATORIA PARA PRESENTACI\u00d3N DE PONENCIAS EN EL VIII COLOQUIO INTERNACIONAL DE ESTUDIANTES DE GEOGRAF\u00cdA, ORGANIZADO POR LA PUCP"},"content":{"rendered":"<p style=\"text-align: justify;\">Puede ver m\u00e1s eventos en <strong><a href=\"http:\/\/cgp.org.pe\/web\/events\/mes\/\">nuestra agenda<\/a><\/strong><\/p>\n<hr \/>\n<p style=\"text-align: justify;\">La comisi\u00f3n organizadora del Coloquio de estudiantes de geograf\u00eda y medio ambiente tiene el agrado de invitarlos a participar del VIII Coloquio de estudiantes de la especialidad que se llevar\u00e1 a cabo en el campus de la Pontificia Universidad Cat\u00f3lica en Lima los d\u00edas mi\u00e9rcoles 18, jueves 19 y viernes 20 de mayo del a\u00f1o 2016. <strong>La participaci\u00f3n es libre.<\/strong><\/p>\n<p style=\"text-align: justify;\">El coloquio tiene como objetivo difundir el quehacer de las ciencias geogr\u00e1ficas y ambientales. Asimismo, se persigue la promoci\u00f3n de las investigaciones de los estudiantes de la especialidad y el di\u00e1logo con disciplinas afines para poder generar un debate en torno a las problem\u00e1ticas del pa\u00eds y de Am\u00e9rica Latina. Para esto, se desarrollar\u00e1n mesas tem\u00e1ticas, de dialogo y ponencias magistrales.<\/p>\n<p><a href=\"https:\/\/drive.google.com\/file\/d\/0BxQottaz6Bw_cGtNNDI0VU5VMkE\/view?usp=sharing\" target=\"_blank\" rel=\"noopener\">Ver bases<\/a><\/p>\n","protected":false},"excerpt":{"rendered":"<p>Puede ver m\u00e1s eventos en nuestra agenda La comisi\u00f3n organizadora del Coloquio de estudiantes de geograf\u00eda y medio ambiente tiene el agrado de invitarlos a participar del VIII Coloquio de estudiantes de la especialidad que se llevar\u00e1 a cabo en el campus de la Pontificia Universidad Cat\u00f3lica en Lima los d\u00edas mi\u00e9rcoles 18, jueves 19 [&hellip;]<\/p>\n","protected":false},"author":1,"featured_media":0,"comment_status":"closed","ping_status":"open","sticky":false,"template":"","format":"standard","meta":{"_et_pb_use_builder":"","_et_pb_old_content":"","_et_gb_content_width":"","footnotes":""},"categories":[46],"tags":[67],"class_list":["post-1356","post","type-post","status-publish","format-standard","hentry","category-eventos","tag-coloquio"],"_links":{"self":[{"href":"https:\/\/cgp.org.pe\/web\/wp-json\/wp\/v2\/posts\/1356","targetHints":{"allow":["GET"]}}],"collection":[{"href":"https:\/\/cgp.org.pe\/web\/wp-json\/wp\/v2\/posts"}],"about":[{"href":"https:\/\/cgp.org.pe\/web\/wp-json\/wp\/v2\/types\/post"}],"author":[{"embeddable":true,"href":"https:\/\/cgp.org.pe\/web\/wp-json\/wp\/v2\/users\/1"}],"replies":[{"embeddable":true,"href":"https:\/\/cgp.org.pe\/web\/wp-json\/wp\/v2\/comments?post=1356"}],"version-history":[{"count":0,"href":"https:\/\/cgp.org.pe\/web\/wp-json\/wp\/v2\/posts\/1356\/revisions"}],"wp:attachment":[{"href":"https:\/\/cgp.org.pe\/web\/wp-json\/wp\/v2\/media?parent=1356"}],"wp:term":[{"taxonomy":"category","embeddable":true,"href":"https:\/\/cgp.org.pe\/web\/wp-json\/wp\/v2\/categories?post=1356"},{"taxonomy":"post_tag","embeddable":true,"href":"https:\/\/cgp.org.pe\/web\/wp-json\/wp\/v2\/tags?post=1356"}],"curies":[{"name":"wp","href":"https:\/\/api.w.org\/{rel}","templated":true}]}}